{"id":931,"date":"2025-07-01T10:23:49","date_gmt":"2025-07-01T09:23:49","guid":{"rendered":"https:\/\/lausanne.swissgo.org\/?p=931"},"modified":"2025-07-01T10:31:15","modified_gmt":"2025-07-01T09:31:15","slug":"fermeture-dete-et-achats","status":"publish","type":"post","link":"https:\/\/lausanne.swissgo.org\/index.php\/2025\/07\/01\/fermeture-dete-et-achats\/","title":{"rendered":"Fermeture d&rsquo;\u00e9t\u00e9 et achats"},"content":{"rendered":"\n<p class=\"wp-block-paragraph\">Le club de Lausanne sera ferm\u00e9 deux semaines cet \u00e9t\u00e9 (restaurant en vacances, premi\u00e8re fois depuis 30 ans). Il n&rsquo;y aura donc pas de club: le 15 juillet et le 22 juillet. Le club sera r\u00e9ouvert le 29 juillet. Le club de La Tour-de-Peilz reste ouvert cet \u00e9t\u00e9 (vendredi \u00e0 partir du 19h).<\/p>\n\n\n<div class=\"wp-block-image\">\n<figure class=\"aligncenter size-medium\"><a href=\"https:\/\/lausanne.swissgo.org\/wp-content\/uploads\/2025\/07\/IMG-20250627-WA0000.jpeg\"><img loading=\"lazy\" decoding=\"async\" width=\"271\" height=\"300\" src=\"https:\/\/lausanne.swissgo.org\/wp-content\/uploads\/2025\/07\/IMG-20250627-WA0000-271x300.jpeg\" alt=\"\" class=\"wp-image-932\" srcset=\"https:\/\/lausanne.swissgo.org\/wp-content\/uploads\/2025\/07\/IMG-20250627-WA0000-271x300.jpeg 271w, https:\/\/lausanne.swissgo.org\/wp-content\/uploads\/2025\/07\/IMG-20250627-WA0000-927x1024.jpeg 927w, https:\/\/lausanne.swissgo.org\/wp-content\/uploads\/2025\/07\/IMG-20250627-WA0000-768x849.jpeg 768w, https:\/\/lausanne.swissgo.org\/wp-content\/uploads\/2025\/07\/IMG-20250627-WA0000-600x663.jpeg 600w, https:\/\/lausanne.swissgo.org\/wp-content\/uploads\/2025\/07\/IMG-20250627-WA0000-1390x1536.jpeg 1390w, https:\/\/lausanne.swissgo.org\/wp-content\/uploads\/2025\/07\/IMG-20250627-WA0000-1853x2048.jpeg 1853w, https:\/\/lausanne.swissgo.org\/wp-content\/uploads\/2025\/07\/IMG-20250627-WA0000-1200x1326.jpeg 1200w, https:\/\/lausanne.swissgo.org\/wp-content\/uploads\/2025\/07\/IMG-20250627-WA0000-1320x1459.jpeg 1320w\" sizes=\"auto, (max-width: 271px) 85vw, 271px\" \/><\/a><\/figure>\n<\/div>\n\n\n<p class=\"wp-block-paragraph\">Les achats de cette ann\u00e9e sont bien avanc\u00e9s: nous avons rachet\u00e9 des flyers, des gobans en papier et une banni\u00e8re pour le club de la Tour de Peilz.<\/p>\n","protected":false},"excerpt":{"rendered":"<p>Le club de Lausanne sera ferm\u00e9 deux semaines cet \u00e9t\u00e9 (restaurant en vacances, premi\u00e8re fois depuis 30 ans). Il n&rsquo;y aura donc pas de club: le 15 juillet et le &hellip; <a href=\"https:\/\/lausanne.swissgo.org\/index.php\/2025\/07\/01\/fermeture-dete-et-achats\/\" class=\"more-link\">Continuer la lecture<span class=\"screen-reader-text\"> de &laquo;&nbsp;Fermeture d&rsquo;\u00e9t\u00e9 et achats&nbsp;&raquo;<\/span><\/a><\/p>\n","protected":false},"author":2,"featured_media":0,"comment_status":"open","ping_status":"open","sticky":false,"template":"","format":"standard","meta":{"footnotes":""},"categories":[1],"tags":[],"class_list":["post-931","post","type-post","status-publish","format-standard","hentry","category-non-classe"],"_links":{"self":[{"href":"https:\/\/lausanne.swissgo.org\/index.php\/wp-json\/wp\/v2\/posts\/931","targetHints":{"allow":["GET"]}}],"collection":[{"href":"https:\/\/lausanne.swissgo.org\/index.php\/wp-json\/wp\/v2\/posts"}],"about":[{"href":"https:\/\/lausanne.swissgo.org\/index.php\/wp-json\/wp\/v2\/types\/post"}],"author":[{"embeddable":true,"href":"https:\/\/lausanne.swissgo.org\/index.php\/wp-json\/wp\/v2\/users\/2"}],"replies":[{"embeddable":true,"href":"https:\/\/lausanne.swissgo.org\/index.php\/wp-json\/wp\/v2\/comments?post=931"}],"version-history":[{"count":5,"href":"https:\/\/lausanne.swissgo.org\/index.php\/wp-json\/wp\/v2\/posts\/931\/revisions"}],"predecessor-version":[{"id":937,"href":"https:\/\/lausanne.swissgo.org\/index.php\/wp-json\/wp\/v2\/posts\/931\/revisions\/937"}],"wp:attachment":[{"href":"https:\/\/lausanne.swissgo.org\/index.php\/wp-json\/wp\/v2\/media?parent=931"}],"wp:term":[{"taxonomy":"category","embeddable":true,"href":"https:\/\/lausanne.swissgo.org\/index.php\/wp-json\/wp\/v2\/categories?post=931"},{"taxonomy":"post_tag","embeddable":true,"href":"https:\/\/lausanne.swissgo.org\/index.php\/wp-json\/wp\/v2\/tags?post=931"}],"curies":[{"name":"wp","href":"https:\/\/api.w.org\/{rel}","templated":true}]}}