{"id":922,"date":"2025-02-27T21:10:01","date_gmt":"2025-02-27T20:10:01","guid":{"rendered":"https:\/\/lausanne.swissgo.org\/?p=922"},"modified":"2025-02-27T21:10:01","modified_gmt":"2025-02-27T20:10:01","slug":"assemblee-2025","status":"publish","type":"post","link":"https:\/\/lausanne.swissgo.org\/index.php\/2025\/02\/27\/assemblee-2025\/","title":{"rendered":"Assembl\u00e9e 2025"},"content":{"rendered":"\n<p class=\"wp-block-paragraph\">L\u2019assembl\u00e9e g\u00e9n\u00e9rale a eu lieu le 25.02.2025 au Milan de 20h15 \u00e0 21h00.<\/p>\n\n\n\n<p class=\"wp-block-paragraph\"><strong>Participants:<\/strong><\/p>\n\n\n\n<ul class=\"wp-block-list\">\n<li>Laurent Ducotterd, Pr\u00e9sident<\/li>\n\n\n\n<li>Blaise Gaillard, Tr\u00e9sorier<\/li>\n\n\n\n<li>J\u00e9r\u00e9my Toutain, Secr\u00e9taire<\/li>\n\n\n\n<li>Gaspard Siestrunck<\/li>\n\n\n\n<li>Rick Wertenbroek<\/li>\n\n\n\n<li>Arnaud Pilet<\/li>\n\n\n\n<li>Jean-Michel Kaision<\/li>\n\n\n\n<li>Robert Meyer<\/li>\n\n\n\n<li>Pierre Cardeillac<\/li>\n\n\n\n<li>Pierre Boizot<\/li>\n\n\n\n<li>Thomas Pourcelot<\/li>\n<\/ul>\n\n\n\n<p class=\"wp-block-paragraph\"><strong>Tr\u00e9sorerie<br><\/strong>R\u00e9sum\u00e9 des d\u00e9penses 2024: Achats de mat\u00e9riel de vente (16 gobans 13&#215;13\/9&#215;9)<\/p>\n\n\n\n<p class=\"wp-block-paragraph\">Il y a eu relativement peu de d\u00e9penses cette ann\u00e9e et 18 cotisations. Le r\u00e9sultat est de +400 CHF. Le bilan de tr\u00e9sorerie 2024 a \u00e9t\u00e9 accept\u00e9 par l&rsquo;assembl\u00e9e. Les cotisations reste de 60 CHF. De nombreux achats vont \u00eatre fait en 2025 pour le mat\u00e9riel promotionnel:<\/p>\n\n\n\n<ul class=\"wp-block-list\">\n<li>Gobans papier 9&#215;9 \u00e0 donner (acheter un maximum pour 1000 CHF pour avoir une r\u00e9server pour plusieurs ann\u00e9es)<\/li>\n\n\n\n<li>Renouvellement du flyers (tenter de faire un achat group\u00e9 avec les autres clubs)<\/li>\n\n\n\n<li>Banni\u00e8re pour le club de la tour-de-Peilz et pour la promotion des stands (1 \u00e0 2 banni\u00e8res)<\/li>\n\n\n\n<li>Robot, joueur de Go (\u00e0 voir)<\/li>\n<\/ul>\n\n\n\n<p class=\"wp-block-paragraph\"><strong>Les \u00e9v\u00e9nements 2024<\/strong><\/p>\n\n\n\n<ul class=\"wp-block-list\">\n<li>Tournoi<\/li>\n\n\n\n<li>Festival de la Tour-de-Peilz<\/li>\n\n\n\n<li>Festival de St Georges<\/li>\n\n\n\n<li>Initiation \u00e0 Sion (magasin Ma\u00eetre des jeux)<\/li>\n\n\n\n<li>Passeport vacances en octobre<\/li>\n\n\n\n<li>Grillades \u00e0 St Georges<\/li>\n\n\n\n<li>AG F\u00e9d\u00e9ration Suisse (apr\u00e8s 5 ans d&rsquo;absence)<\/li>\n<\/ul>\n\n\n\n<p class=\"wp-block-paragraph\"><strong>Les \u00e9v\u00e9nements 2025<\/strong><\/p>\n\n\n\n<ul class=\"wp-block-list\">\n<li>Tournoi (Juin, en attente de confirmation du mus\u00e9e)<\/li>\n\n\n\n<li>Festival de Tour-de-Peilz<\/li>\n\n\n\n<li>Festival de St Georges (4 octobre)<\/li>\n\n\n\n<li>Initiation \u00e0 Sion (magasin Ma\u00eetre des jeux)<\/li>\n\n\n\n<li>Passeport vacances en \u00e9t\u00e9 et en automne<\/li>\n\n\n\n<li>Grillades \u00e0 St Georges (16 ao\u00fbt)<\/li>\n<\/ul>\n\n\n\n<p class=\"wp-block-paragraph\"><strong>Club jeunes \u00e0 Lausanne<\/strong><br>Plusieurs b\u00e9n\u00e9voles sont potentiellement disponibles le mercredi apr\u00e8s-midi.<br>Nous allons approcher des \u00e9coles avec les professeurs membres du club pour voir si nous pouvons organiser une activit\u00e9 Go sur place.<\/p>\n\n\n\n<p class=\"wp-block-paragraph\"><strong>Discussion libre<\/strong><br>Deux personnes ont d\u00e9cid\u00e9 de changer les r\u00e8gles de d\u00e9signation du champion suisse de fa\u00e7on arbitraire (groupe whatsapp). Le club va r\u00e9diger une lettre de r\u00e9clamation pour que cela soit rediscuter \u00e0 l&rsquo;assembl\u00e9e de la F\u00e9d\u00e9ration Suisse.<\/p>\n\n\n\n<p class=\"wp-block-paragraph\"><\/p>\n","protected":false},"excerpt":{"rendered":"<p>L\u2019assembl\u00e9e g\u00e9n\u00e9rale a eu lieu le 25.02.2025 au Milan de 20h15 \u00e0 21h00. Participants: Tr\u00e9sorerieR\u00e9sum\u00e9 des d\u00e9penses 2024: Achats de mat\u00e9riel de vente (16 gobans 13&#215;13\/9&#215;9) Il y a eu &hellip; <a href=\"https:\/\/lausanne.swissgo.org\/index.php\/2025\/02\/27\/assemblee-2025\/\" class=\"more-link\">Continuer la lecture<span class=\"screen-reader-text\"> de &laquo;&nbsp;Assembl\u00e9e 2025&nbsp;&raquo;<\/span><\/a><\/p>\n","protected":false},"author":2,"featured_media":0,"comment_status":"open","ping_status":"open","sticky":false,"template":"","format":"standard","meta":{"footnotes":""},"categories":[1],"tags":[],"class_list":["post-922","post","type-post","status-publish","format-standard","hentry","category-non-classe"],"_links":{"self":[{"href":"https:\/\/lausanne.swissgo.org\/index.php\/wp-json\/wp\/v2\/posts\/922","targetHints":{"allow":["GET"]}}],"collection":[{"href":"https:\/\/lausanne.swissgo.org\/index.php\/wp-json\/wp\/v2\/posts"}],"about":[{"href":"https:\/\/lausanne.swissgo.org\/index.php\/wp-json\/wp\/v2\/types\/post"}],"author":[{"embeddable":true,"href":"https:\/\/lausanne.swissgo.org\/index.php\/wp-json\/wp\/v2\/users\/2"}],"replies":[{"embeddable":true,"href":"https:\/\/lausanne.swissgo.org\/index.php\/wp-json\/wp\/v2\/comments?post=922"}],"version-history":[{"count":1,"href":"https:\/\/lausanne.swissgo.org\/index.php\/wp-json\/wp\/v2\/posts\/922\/revisions"}],"predecessor-version":[{"id":923,"href":"https:\/\/lausanne.swissgo.org\/index.php\/wp-json\/wp\/v2\/posts\/922\/revisions\/923"}],"wp:attachment":[{"href":"https:\/\/lausanne.swissgo.org\/index.php\/wp-json\/wp\/v2\/media?parent=922"}],"wp:term":[{"taxonomy":"category","embeddable":true,"href":"https:\/\/lausanne.swissgo.org\/index.php\/wp-json\/wp\/v2\/categories?post=922"},{"taxonomy":"post_tag","embeddable":true,"href":"https:\/\/lausanne.swissgo.org\/index.php\/wp-json\/wp\/v2\/tags?post=922"}],"curies":[{"name":"wp","href":"https:\/\/api.w.org\/{rel}","templated":true}]}}