{"id":859,"date":"2024-09-16T18:32:19","date_gmt":"2024-09-16T17:32:19","guid":{"rendered":"https:\/\/lausanne.swissgo.org\/?p=859"},"modified":"2024-09-16T18:32:19","modified_gmt":"2024-09-16T17:32:19","slug":"assemblee-generale-de-la-federation-suisse-de-go-2024","status":"publish","type":"post","link":"https:\/\/lausanne.swissgo.org\/index.php\/2024\/09\/16\/assemblee-generale-de-la-federation-suisse-de-go-2024\/","title":{"rendered":"Assembl\u00e9e g\u00e9n\u00e9rale de la F\u00e9d\u00e9ration Suisse de Go (2024)"},"content":{"rendered":"\n<p class=\"wp-block-paragraph\"><strong>Participants:<\/strong><\/p>\n\n\n\n<ul class=\"wp-block-list\">\n<li>Lorenz Trippel<\/li>\n\n\n\n<li>Brian Kleiner<\/li>\n\n\n\n<li>Francois Van Walleghem<\/li>\n\n\n\n<li>J\u00e9r\u00e9my Toutain<\/li>\n\n\n\n<li>Rick Wertenbroek<\/li>\n\n\n\n<li>Laurent Ducotterd<\/li>\n\n\n\n<li>Flavien Aubelle<\/li>\n\n\n\n<li>Thomas Pourcelot<\/li>\n\n\n\n<li>Arnaud Pilet<\/li>\n<\/ul>\n\n\n\n<p class=\"wp-block-paragraph\">L&rsquo;assembl\u00e9e g\u00e9n\u00e9rale de la f\u00e9d\u00e9ration de Suisse de Go au eu lieu le 14.09.2024 \u00e0 Windisch. Il n&rsquo;y avait pas eu d&rsquo;assembl\u00e9e depuis 2019.<\/p>\n\n\n\n<p class=\"wp-block-paragraph\">Apr\u00e8s 5 ans, la f\u00e9d\u00e9ration a tenu \u00e0 rappeler son r\u00f4le pour le Go en Suisse:<\/p>\n\n\n\n<ul class=\"wp-block-list\">\n<li>Supporter le Go<\/li>\n\n\n\n<li>Etre membre de la f\u00e9d\u00e9ration de europ\u00e9enne de Go<\/li>\n\n\n\n<li>Organiser le championat Suisse<\/li>\n\n\n\n<li>Envoyer des membres dans les tournois internationaux<\/li>\n\n\n\n<li>Aider les clubs commen\u00e7ant leur activit\u00e9<\/li>\n<\/ul>\n\n\n\n<p class=\"wp-block-paragraph\">Le proc\u00e8s-verbal de l&rsquo;assembl\u00e9e g\u00e9n\u00e9rale de 2019 a \u00e9t\u00e9 approuv\u00e9 \u00e0 l&rsquo;unanimit\u00e9.<br>L&rsquo;agenda de l&rsquo;assembl\u00e9e g\u00e9n\u00e9rale de 2024 a \u00e9t\u00e9 approuv\u00e9 \u00e0 l&rsquo;unanimit\u00e9.<\/p>\n\n\n\n<p class=\"wp-block-paragraph\"><strong>Comptes 2023<\/strong><\/p>\n\n\n\n<p class=\"wp-block-paragraph\">Les comptes de 2023 ont \u00e9t\u00e9 approuv\u00e9s \u00e0 l&rsquo;unanimit\u00e9, mais des d\u00e9tails importants ont \u00e9t\u00e9 signal\u00e9s par le tr\u00e9sorier (Lorenz Trippel):<br>Les cotisations ont rapport\u00e9s environ 1500 CHF, mais les d\u00e9penses sont d&rsquo;environ 1800 CHF. Pour maintenir un niveau de revenu correct, le tr\u00e9sorier estime qui faut 2000 CHF par an.<br>Les clubs reviennent \u00e0 des niveaux normales de cotisations apr\u00e8s COVID, l&rsquo;ann\u00e9e prochaine, les 2000 CHF de cotisations devrait \u00eatre au rendez-vous.<br>La f\u00e9d\u00e9ration poss\u00e8de un fond fourni par le Yunguseng Dojang de Inseong Hwang. Ce fond est uniquement destin\u00e9 \u00e0 soutenir les activit\u00e9s enfants, il ne participe pas aux frais de fonctionnement.<\/p>\n\n\n\n<p class=\"wp-block-paragraph\"><strong>Nouvelles 202<\/strong>4<\/p>\n\n\n\n<ul class=\"wp-block-list\">\n<li>Le club de l&rsquo;EPFL a d\u00e9finitivement cess\u00e9 son activit\u00e9.<\/li>\n\n\n\n<li>Les clubs de Nyon, Fribourg et Basel ont \u00e9t\u00e9 ouverts.<\/li>\n<\/ul>\n\n\n\n<p class=\"wp-block-paragraph\"><strong>Activit\u00e9s 202<\/strong>4<\/p>\n\n\n\n<ul class=\"wp-block-list\">\n<li>James Nguyen repr\u00e9sente la Suisse \u00e0 la Prime minister Cup en Cor\u00e9e.<\/li>\n\n\n\n<li>le club de Fribourg a re\u00e7u 5 gobans avec pierres.<\/li>\n\n\n\n<li>Organisation du championnat Suisse 2024<\/li>\n<\/ul>\n\n\n\n<p class=\"wp-block-paragraph\"><strong>Activit\u00e9s 2025<\/strong><\/p>\n\n\n\n<p class=\"wp-block-paragraph\">Le championnat Suisse 2025 a deux villes candidates:<\/p>\n\n\n\n<ul class=\"wp-block-list\">\n<li>Yverdon-les-bains (Proposition de Rick Wertenbroek)<\/li>\n\n\n\n<li>Gen\u00e8ve (Proposition de Francois Van Walleghem)<\/li>\n<\/ul>\n\n\n\n<p class=\"wp-block-paragraph\"><strong>Election du nouveau Comit\u00e9<\/strong><\/p>\n\n\n\n<p class=\"wp-block-paragraph\">Le pr\u00e9sident Flavien Aubelle a tenu \u00e0 pr\u00e9ciser que c&rsquo;est la derni\u00e8re ann\u00e9e qu&rsquo;il prend cette responsabilit\u00e9. Il est en place depuis 2011 et il n&rsquo;a plus la motivation pour continuer. Un successeur doit se proposer ou \u00eatre trouv\u00e9 \u00e0 la prochaine assembl\u00e9e.<\/p>\n\n\n\n<p class=\"wp-block-paragraph\">Les membres \u00e9lus au comit\u00e9 cette ann\u00e9e:<\/p>\n\n\n\n<ul class=\"wp-block-list\">\n<li>Pr\u00e9sident, Flavien Aubelle<\/li>\n\n\n\n<li>Tr\u00e9sorier, Lorenz Trippel<\/li>\n\n\n\n<li>Vice-pr\u00e9sident, Francois Van Walleghem<\/li>\n\n\n\n<li>Community manager et multimedia, Arnaud Pilet<\/li>\n<\/ul>\n\n\n\n<p class=\"wp-block-paragraph\">Arnaud Pilet s&rsquo;est propos\u00e9 d&rsquo;aider la f\u00e9d\u00e9ration pour la visibilit\u00e9 sur les r\u00e9seaux.<br>Les acc\u00e8s devraient lui \u00eatre accord\u00e9s.<\/p>\n","protected":false},"excerpt":{"rendered":"<p>Participants: L&rsquo;assembl\u00e9e g\u00e9n\u00e9rale de la f\u00e9d\u00e9ration de Suisse de Go au eu lieu le 14.09.2024 \u00e0 Windisch. Il n&rsquo;y avait pas eu d&rsquo;assembl\u00e9e depuis 2019. Apr\u00e8s 5 ans, la f\u00e9d\u00e9ration &hellip; <a href=\"https:\/\/lausanne.swissgo.org\/index.php\/2024\/09\/16\/assemblee-generale-de-la-federation-suisse-de-go-2024\/\" class=\"more-link\">Continuer la lecture<span class=\"screen-reader-text\"> de &laquo;&nbsp;Assembl\u00e9e g\u00e9n\u00e9rale de la F\u00e9d\u00e9ration Suisse de Go (2024)&nbsp;&raquo;<\/span><\/a><\/p>\n","protected":false},"author":2,"featured_media":0,"comment_status":"open","ping_status":"open","sticky":false,"template":"","format":"standard","meta":{"footnotes":""},"categories":[1],"tags":[],"class_list":["post-859","post","type-post","status-publish","format-standard","hentry","category-non-classe"],"_links":{"self":[{"href":"https:\/\/lausanne.swissgo.org\/index.php\/wp-json\/wp\/v2\/posts\/859","targetHints":{"allow":["GET"]}}],"collection":[{"href":"https:\/\/lausanne.swissgo.org\/index.php\/wp-json\/wp\/v2\/posts"}],"about":[{"href":"https:\/\/lausanne.swissgo.org\/index.php\/wp-json\/wp\/v2\/types\/post"}],"author":[{"embeddable":true,"href":"https:\/\/lausanne.swissgo.org\/index.php\/wp-json\/wp\/v2\/users\/2"}],"replies":[{"embeddable":true,"href":"https:\/\/lausanne.swissgo.org\/index.php\/wp-json\/wp\/v2\/comments?post=859"}],"version-history":[{"count":1,"href":"https:\/\/lausanne.swissgo.org\/index.php\/wp-json\/wp\/v2\/posts\/859\/revisions"}],"predecessor-version":[{"id":860,"href":"https:\/\/lausanne.swissgo.org\/index.php\/wp-json\/wp\/v2\/posts\/859\/revisions\/860"}],"wp:attachment":[{"href":"https:\/\/lausanne.swissgo.org\/index.php\/wp-json\/wp\/v2\/media?parent=859"}],"wp:term":[{"taxonomy":"category","embeddable":true,"href":"https:\/\/lausanne.swissgo.org\/index.php\/wp-json\/wp\/v2\/categories?post=859"},{"taxonomy":"post_tag","embeddable":true,"href":"https:\/\/lausanne.swissgo.org\/index.php\/wp-json\/wp\/v2\/tags?post=859"}],"curies":[{"name":"wp","href":"https:\/\/api.w.org\/{rel}","templated":true}]}}