{"id":855,"date":"2024-09-09T16:38:20","date_gmt":"2024-09-09T15:38:20","guid":{"rendered":"https:\/\/lausanne.swissgo.org\/?p=855"},"modified":"2024-09-09T16:38:20","modified_gmt":"2024-09-09T15:38:20","slug":"james-representera-la-suisse-en-coree-20-26-septembre","status":"publish","type":"post","link":"https:\/\/lausanne.swissgo.org\/index.php\/2024\/09\/09\/james-representera-la-suisse-en-coree-20-26-septembre\/","title":{"rendered":"James repr\u00e9sentera la Suisse en Cor\u00e9e (20\/26 septembre)"},"content":{"rendered":"\n<figure class=\"wp-block-image size-full\"><a href=\"https:\/\/lausanne.swissgo.org\/wp-content\/uploads\/2024\/09\/prime.png\"><img loading=\"lazy\" decoding=\"async\" width=\"461\" height=\"58\" src=\"https:\/\/lausanne.swissgo.org\/wp-content\/uploads\/2024\/09\/prime.png\" alt=\"\" class=\"wp-image-856\" srcset=\"https:\/\/lausanne.swissgo.org\/wp-content\/uploads\/2024\/09\/prime.png 461w, https:\/\/lausanne.swissgo.org\/wp-content\/uploads\/2024\/09\/prime-300x38.png 300w\" sizes=\"auto, (max-width: 461px) 85vw, 461px\" \/><\/a><\/figure>\n\n\n\n<p class=\"wp-block-paragraph\">Je suis fi\u00e8re de vous annoncer que James Nguyens (un membre du club de Lausanne), repr\u00e9sentera la Suisse du 20 au 26 septembre \u00e0 la Prime Minister Cup \u00e0 Taebaek. (Merci \u00e0 Arnaud de m&rsquo;avoir envoy\u00e9 l&rsquo;article).<\/p>\n\n\n\n<p class=\"wp-block-paragraph\">Le tournoi sera diffus\u00e9 sur la cha\u00eene Twitch de la f\u00e9d\u00e9ration: <a href=\"https:\/\/www.twitch.tv\/europeangofederation\" data-type=\"link\" data-id=\"https:\/\/www.twitch.tv\/europeangofederation\" target=\"_blank\" rel=\"noreferrer noopener\">Twitch<\/a> .<\/p>\n\n\n\n<p class=\"wp-block-paragraph\">Le premi\u00e8re ronde commence le 21 septembre \u00e0 15h en Cor\u00e9e (8h en Suisse).<br>Il y aura 7 rondes.<\/p>\n\n\n\n<p class=\"wp-block-paragraph\">L&rsquo;article original: <a href=\"https:\/\/www.eurogofed.org\/index.html?id=434&amp;fbclid=IwY2xjawFL3xJleHRuA2FlbQIxMQABHZO9hRqQOHanNwP5i8Ybtm8eZE3JIX0V_mc-1xUz5uXzr7czWTJl6x20Fg_aem_xNy9qdgimdtN_jALN_2e2g\" data-type=\"link\" data-id=\"https:\/\/www.eurogofed.org\/index.html?id=434&amp;fbclid=IwY2xjawFL3xJleHRuA2FlbQIxMQABHZO9hRqQOHanNwP5i8Ybtm8eZE3JIX0V_mc-1xUz5uXzr7czWTJl6x20Fg_aem_xNy9qdgimdtN_jALN_2e2g\" target=\"_blank\" rel=\"noreferrer noopener\">site<\/a> .<\/p>\n\n\n\n<p class=\"wp-block-paragraph\">Le groupe des participants europ\u00e9ens: <a href=\"https:\/\/kpmc.kbaduk.or.kr\/us\/2024\/player?group=2\" data-type=\"link\" data-id=\"https:\/\/kpmc.kbaduk.or.kr\/us\/2024\/player?group=2\">site<\/a> .<\/p>\n","protected":false},"excerpt":{"rendered":"<p>Je suis fi\u00e8re de vous annoncer que James Nguyens (un membre du club de Lausanne), repr\u00e9sentera la Suisse du 20 au 26 septembre \u00e0 la Prime Minister Cup \u00e0 Taebaek. &hellip; <a href=\"https:\/\/lausanne.swissgo.org\/index.php\/2024\/09\/09\/james-representera-la-suisse-en-coree-20-26-septembre\/\" class=\"more-link\">Continuer la lecture<span class=\"screen-reader-text\"> de &laquo;&nbsp;James repr\u00e9sentera la Suisse en Cor\u00e9e (20\/26 septembre)&nbsp;&raquo;<\/span><\/a><\/p>\n","protected":false},"author":2,"featured_media":0,"comment_status":"open","ping_status":"open","sticky":false,"template":"","format":"standard","meta":{"footnotes":""},"categories":[1],"tags":[],"class_list":["post-855","post","type-post","status-publish","format-standard","hentry","category-non-classe"],"_links":{"self":[{"href":"https:\/\/lausanne.swissgo.org\/index.php\/wp-json\/wp\/v2\/posts\/855","targetHints":{"allow":["GET"]}}],"collection":[{"href":"https:\/\/lausanne.swissgo.org\/index.php\/wp-json\/wp\/v2\/posts"}],"about":[{"href":"https:\/\/lausanne.swissgo.org\/index.php\/wp-json\/wp\/v2\/types\/post"}],"author":[{"embeddable":true,"href":"https:\/\/lausanne.swissgo.org\/index.php\/wp-json\/wp\/v2\/users\/2"}],"replies":[{"embeddable":true,"href":"https:\/\/lausanne.swissgo.org\/index.php\/wp-json\/wp\/v2\/comments?post=855"}],"version-history":[{"count":1,"href":"https:\/\/lausanne.swissgo.org\/index.php\/wp-json\/wp\/v2\/posts\/855\/revisions"}],"predecessor-version":[{"id":857,"href":"https:\/\/lausanne.swissgo.org\/index.php\/wp-json\/wp\/v2\/posts\/855\/revisions\/857"}],"wp:attachment":[{"href":"https:\/\/lausanne.swissgo.org\/index.php\/wp-json\/wp\/v2\/media?parent=855"}],"wp:term":[{"taxonomy":"category","embeddable":true,"href":"https:\/\/lausanne.swissgo.org\/index.php\/wp-json\/wp\/v2\/categories?post=855"},{"taxonomy":"post_tag","embeddable":true,"href":"https:\/\/lausanne.swissgo.org\/index.php\/wp-json\/wp\/v2\/tags?post=855"}],"curies":[{"name":"wp","href":"https:\/\/api.w.org\/{rel}","templated":true}]}}