{"id":751,"date":"2024-02-22T20:31:42","date_gmt":"2024-02-22T19:31:42","guid":{"rendered":"https:\/\/lausanne.swissgo.org\/?p=751"},"modified":"2024-02-22T20:31:42","modified_gmt":"2024-02-22T19:31:42","slug":"assemblee-2024","status":"publish","type":"post","link":"https:\/\/lausanne.swissgo.org\/index.php\/2024\/02\/22\/assemblee-2024\/","title":{"rendered":"Assembl\u00e9e 2024"},"content":{"rendered":"\n<p class=\"wp-block-paragraph\">L\u2019assembl\u00e9e g\u00e9n\u00e9rale a eu lieu le 20.02.2024 au Milan de 20h15 \u00e0 21h30.<\/p>\n\n\n\n<p class=\"wp-block-paragraph\"><strong>Participants:<\/strong><\/p>\n\n\n\n<ul class=\"wp-block-list\">\n<li>Laurent Ducotterd, Pr\u00e9sident<\/li>\n\n\n\n<li>Blaise Gaillard, Tr\u00e9sorier<\/li>\n\n\n\n<li>J\u00e9r\u00e9my Toutain, Secr\u00e9taire<\/li>\n\n\n\n<li>Rick Wertenbroek<\/li>\n\n\n\n<li>Robert Meyer<\/li>\n\n\n\n<li>Jean-Michel Kaision<\/li>\n\n\n\n<li>Ambre Grivel<\/li>\n\n\n\n<li>Pierre Cardeillac<\/li>\n\n\n\n<li>Ludovic Ceresa<\/li>\n\n\n\n<li>Jules Rossier<\/li>\n<\/ul>\n\n\n\n<p class=\"wp-block-paragraph\"><strong>Bilan de tr\u00e9sorerie<\/strong><\/p>\n\n\n\n<p class=\"wp-block-paragraph\">Le bilan de tr\u00e9sorerie 2023\/24 a \u00e9t\u00e9 valid\u00e9. Les cotisations reste de 60 CHF. Les gobans en stock ont \u00e9t\u00e9 vendu donc nous renouv\u00e8lerons ce stock. Dans le futur, nous demanderons \u00e0 un membre d&rsquo;\u00eatre v\u00e9rificateur de comptes pour l&rsquo;ann\u00e9e en cours.<\/p>\n\n\n\n<p class=\"wp-block-paragraph\">R\u00e9sum\u00e9 des d\u00e9penses 2024:<\/p>\n\n\n\n<ul class=\"wp-block-list\">\n<li>3 \u00e9v\u00e9nements avec un professeur<\/li>\n\n\n\n<li>Achats de gobans 9&#215;9 \u00e0 donner (mat\u00e9riel promotionel)<\/li>\n\n\n\n<li>Achats de 20 horloges \u00e9lectroniques<\/li>\n<\/ul>\n\n\n\n<p class=\"wp-block-paragraph\"><strong>Les \u00e9v\u00e9nements futurs<\/strong><\/p>\n\n\n\n<p class=\"wp-block-paragraph\">Le club participera \u00e0 plusieurs \u00e9v\u00e9nements:<\/p>\n\n\n\n<ul class=\"wp-block-list\">\n<li>F\u00eate du jeu de St Georges 2024 (21 septembre)<\/li>\n\n\n\n<li>Ch\u00e2teau des jeux 2024<\/li>\n\n\n\n<li>Japan Impact 2024 (18\/19 F\u00e9vrier)<\/li>\n\n\n\n<li>Pique-nique d&rsquo;\u00e9t\u00e9 (17 ao\u00fbt)<\/li>\n\n\n\n<li>Tournoi de Lausanne\/La tour de Peilz 2023 (20\/21 avril)<\/li>\n<\/ul>\n\n\n\n<p class=\"wp-block-paragraph\"><strong>Election du comit\u00e9<\/strong><\/p>\n\n\n\n<p class=\"wp-block-paragraph\">Les membres du comit\u00e9 ont \u00e9t\u00e9 reconduits pour les deux prochaines ann\u00e9es.<br><br><strong>Association Lausannoise pour Les Sports de L&rsquo;Esprit<\/strong><\/p>\n\n\n\n<p class=\"wp-block-paragraph\">Cinq clubs ont d\u00e9cid\u00e9 de se rassembler dans un association pour les sports de l&rsquo;esprit afin de discuter plus facilement avec la ville. Les 5 clubs comptent environ 170 membres: le bridge, le go, les \u00e9checs, le mah-jong et le scrabble. Cette association sera cr\u00e9e le 15 mars.<\/p>\n\n\n\n<p class=\"wp-block-paragraph\"><strong>Discussion libre<\/strong><\/p>\n\n\n\n<p class=\"wp-block-paragraph\">Une proposition a \u00e9t\u00e9 faite pour que nous trouvions un espace moins bruyant. Le local du restaurant aurait \u00e9t\u00e9 id\u00e9al, mais il n&rsquo;est pas disponible. Nous avons n\u00e9goci\u00e9 pour changer d&rsquo;\u00e9tage afin d&rsquo;essayer d&rsquo;avoir moins de bruit et plus de place. Le restaurant nous as propos\u00e9 de reparler du local en septembre.<\/p>\n\n\n\n<p class=\"wp-block-paragraph\">Une proposition a \u00e9t\u00e9 faite pour avoir une revue de kifu avant de commencer \u00e0 jouer au Milan. La proposition a \u00e9t\u00e9 bien accueilli, nous allons essayer de tenir ces revues de kifus avec les membres qui le veulent.<\/p>\n\n\n\n<p class=\"wp-block-paragraph\">Japan Neuch a contact\u00e9 James Nguyen pour faire un \u00e9v\u00e9nement similaire \u00e0 Japan Impact. Si cela se fait, nous essayerons de le faire avec le club d&rsquo;Yverdon-les-bains.<\/p>\n\n\n\n<p class=\"wp-block-paragraph\"><br><\/p>\n","protected":false},"excerpt":{"rendered":"<p>L\u2019assembl\u00e9e g\u00e9n\u00e9rale a eu lieu le 20.02.2024 au Milan de 20h15 \u00e0 21h30. Participants: Bilan de tr\u00e9sorerie Le bilan de tr\u00e9sorerie 2023\/24 a \u00e9t\u00e9 valid\u00e9. Les cotisations reste de 60 &hellip; <a href=\"https:\/\/lausanne.swissgo.org\/index.php\/2024\/02\/22\/assemblee-2024\/\" class=\"more-link\">Continuer la lecture<span class=\"screen-reader-text\"> de &laquo;&nbsp;Assembl\u00e9e 2024&nbsp;&raquo;<\/span><\/a><\/p>\n","protected":false},"author":2,"featured_media":0,"comment_status":"open","ping_status":"open","sticky":false,"template":"","format":"standard","meta":{"footnotes":""},"categories":[1],"tags":[],"class_list":["post-751","post","type-post","status-publish","format-standard","hentry","category-non-classe"],"_links":{"self":[{"href":"https:\/\/lausanne.swissgo.org\/index.php\/wp-json\/wp\/v2\/posts\/751","targetHints":{"allow":["GET"]}}],"collection":[{"href":"https:\/\/lausanne.swissgo.org\/index.php\/wp-json\/wp\/v2\/posts"}],"about":[{"href":"https:\/\/lausanne.swissgo.org\/index.php\/wp-json\/wp\/v2\/types\/post"}],"author":[{"embeddable":true,"href":"https:\/\/lausanne.swissgo.org\/index.php\/wp-json\/wp\/v2\/users\/2"}],"replies":[{"embeddable":true,"href":"https:\/\/lausanne.swissgo.org\/index.php\/wp-json\/wp\/v2\/comments?post=751"}],"version-history":[{"count":3,"href":"https:\/\/lausanne.swissgo.org\/index.php\/wp-json\/wp\/v2\/posts\/751\/revisions"}],"predecessor-version":[{"id":754,"href":"https:\/\/lausanne.swissgo.org\/index.php\/wp-json\/wp\/v2\/posts\/751\/revisions\/754"}],"wp:attachment":[{"href":"https:\/\/lausanne.swissgo.org\/index.php\/wp-json\/wp\/v2\/media?parent=751"}],"wp:term":[{"taxonomy":"category","embeddable":true,"href":"https:\/\/lausanne.swissgo.org\/index.php\/wp-json\/wp\/v2\/categories?post=751"},{"taxonomy":"post_tag","embeddable":true,"href":"https:\/\/lausanne.swissgo.org\/index.php\/wp-json\/wp\/v2\/tags?post=751"}],"curies":[{"name":"wp","href":"https:\/\/api.w.org\/{rel}","templated":true}]}}