{"id":588,"date":"2023-03-29T20:09:10","date_gmt":"2023-03-29T19:09:10","guid":{"rendered":"https:\/\/lausanne.swissgo.org\/?p=588"},"modified":"2023-03-29T20:09:10","modified_gmt":"2023-03-29T19:09:10","slug":"assemblee-2023","status":"publish","type":"post","link":"https:\/\/lausanne.swissgo.org\/index.php\/2023\/03\/29\/assemblee-2023\/","title":{"rendered":"Assembl\u00e9e 2023"},"content":{"rendered":"\n<p class=\"wp-block-paragraph\">L\u2019assembl\u00e9e g\u00e9n\u00e9rale a eu lieu le 28.03.2023 au Milan de 20h15 \u00e0 21h30.<\/p>\n\n\n\n<p class=\"wp-block-paragraph\"><strong>Participants:<\/strong><\/p>\n\n\n\n<ul class=\"wp-block-list\">\n<li>Laurent Ducotterd, Pr\u00e9sident<\/li>\n\n\n\n<li>Blaise Gaillard, Tr\u00e9sorier<\/li>\n\n\n\n<li>J\u00e9r\u00e9my Toutain, Secr\u00e9taire<\/li>\n\n\n\n<li>Pierre Boizot<\/li>\n\n\n\n<li>Rick Wertenbroek<\/li>\n\n\n\n<li>Robert Meyer<\/li>\n\n\n\n<li>Jean-Michel Kaision<\/li>\n\n\n\n<li>James Nguyen<\/li>\n<\/ul>\n\n\n\n<p class=\"wp-block-paragraph\"><strong>Bilan de tr\u00e9sorerie<\/strong><\/p>\n\n\n\n<p class=\"wp-block-paragraph\">Le bilan de tr\u00e9sorerie 2022\/23 n&rsquo;a pas \u00e9t\u00e9 valid\u00e9 pour le moment. Un quiproquo doit \u00eatre r\u00e9solu pour le bilan du tournoi entre le secr\u00e9taire et le tr\u00e9sorier. Le bilan de tr\u00e9sorerie sera valid\u00e9 par le comit\u00e9 par mail.<\/p>\n\n\n\n<p class=\"wp-block-paragraph\"><strong>Stock 2022<\/strong><\/p>\n\n\n\n<ul class=\"wp-block-list\">\n<li>Pour le tournoi, le goban en stock a \u00e9t\u00e9 offert comme prix avec de vieux ouvrages de go.<\/li>\n\n\n\n<li>Robert Meyer a offert 5 gobans 13&#215;13 en plastique au club.<\/li>\n<\/ul>\n\n\n\n<p class=\"wp-block-paragraph\"><strong>Achats 2023<\/strong><\/p>\n\n\n\n<ul class=\"wp-block-list\">\n<li>Une commande group\u00e9e sera faite cette ann\u00e9e pour renouveler le stock de gobans pour les festivals:\n<ul class=\"wp-block-list\">\n<li>12 x gobans 13&#215;13 en bois<\/li>\n\n\n\n<li>2 x gobans 19&#215;19 en bambou<\/li>\n\n\n\n<li>Si des gobans de luxe sont d\u00e9sir\u00e9s, Rick a un grand stock de gobans import\u00e9s du Japon \u00e0 des prix d\u00e9fiant toute concurrence.<\/li>\n<\/ul>\n<\/li>\n\n\n\n<li>Haruna Okano et James Nguyen ont trouv\u00e9 une solution de remplacement pour les gobans en papier offert en festival. Les prototypes amen\u00e9s \u00e0 l&rsquo;assembl\u00e9e \u00e9taient convaincants. Le club ach\u00e8tera 200 gobans en 2023 avec la solution &lsquo;plastique rugueux&rsquo;.<\/li>\n<\/ul>\n\n\n\n<p class=\"wp-block-paragraph\"><strong>Cotisations 2023<\/strong><\/p>\n\n\n\n<p class=\"wp-block-paragraph\">Les cotisations vont \u00eatre augment\u00e9es de 10 CHF pour le club (voir la parte discussion libre). Nous demanderons 60 CHF par membre cette ann\u00e9e (30 CHF pour le club et 30 CHF pour la F\u00e9d\u00e9ration Suisse).<\/p>\n\n\n\n<p class=\"wp-block-paragraph\"><strong>Les \u00e9v\u00e9nements effectu\u00e9s avant l&rsquo;assembl\u00e9e<\/strong><\/p>\n\n\n\n<p class=\"wp-block-paragraph\">Le club a particip\u00e9 \u00e0 6 \u00e9v\u00e9nements:<\/p>\n\n\n\n<ul class=\"wp-block-list\">\n<li>F\u00eate du jeu de St Georges 2022<\/li>\n\n\n\n<li>Ch\u00e2teau des jeux 2022<\/li>\n\n\n\n<li>Japan Impact 2022<\/li>\n\n\n\n<li>Japan Impact 2023<\/li>\n\n\n\n<li>Japan Family 2022<\/li>\n<\/ul>\n\n\n\n<p class=\"wp-block-paragraph\">Le club a organis\u00e9 le tournoi de Lausanne\/La tour de Peilz 2023.<\/p>\n\n\n\n<p class=\"wp-block-paragraph\"><strong>Les \u00e9v\u00e9nements futurs<\/strong><\/p>\n\n\n\n<p class=\"wp-block-paragraph\">Le club participera \u00e0 plusieurs \u00e9v\u00e9nements:<\/p>\n\n\n\n<ul class=\"wp-block-list\">\n<li>F\u00eate du jeu de St Georges 2023 (23 septembre)<\/li>\n\n\n\n<li>Ch\u00e2teau des jeux 2022<\/li>\n\n\n\n<li>Japan Impact 2024<\/li>\n\n\n\n<li>Japan Family 2023 (si une seconde \u00e9dition est organis\u00e9e)<\/li>\n<\/ul>\n\n\n\n<p class=\"wp-block-paragraph\">Le championnat Suisse 2023 va \u00eatre organis\u00e9 \u00e0 Yverdon (si un local est trouv\u00e9). Rick Wertenbroek, Brian Kleiner et Thibault Pillon regarde l&rsquo;organisation. Le club participera \u00e0 l&rsquo;organisation si le tournoi a besoin d&rsquo;aide.<\/p>\n\n\n\n<p class=\"wp-block-paragraph\">Le club organisera le tournoi de Lausanne\/La tour de Peilz 2024.<\/p>\n\n\n\n<p class=\"wp-block-paragraph\">Blaise Gaillard a propos\u00e9 une sortie de club en ao\u00fbt dans les montagnes (pique-nique et gobans). Nous essayerons de faire cette sortie autour du 19 ou 20 ao\u00fbt.<\/p>\n\n\n\n<p class=\"wp-block-paragraph\">Il y a maintenant un professeur (Li Yue) de Go habitant au canton de Vaud. Le club de Lausanne va contacter Li Yue pour organiser plusieurs \u00e9v\u00e9nements p\u00e9dagogique pendant l&rsquo;ann\u00e9e (voir discussion libre).<\/p>\n\n\n\n<p class=\"wp-block-paragraph\"><strong>Discussion libre<\/strong><\/p>\n\n\n\n<p class=\"wp-block-paragraph\">Nous allons discuter avec Li Yue pour voir quels \u00e9v\u00e9nements sont possibles:<\/p>\n\n\n\n<ul class=\"wp-block-list\">\n<li>Workshop<\/li>\n\n\n\n<li>Parties simultan\u00e9es<\/li>\n\n\n\n<li>Revue de parties<\/li>\n\n\n\n<li>Coaching du club<\/li>\n<\/ul>\n\n\n\n<p class=\"wp-block-paragraph\">La suite de la discussion a port\u00e9 sur le financement de ses \u00e9v\u00e9nements: est-ce au club de payer ou est-ce que les membres doivent payer?<\/p>\n\n\n\n<p class=\"wp-block-paragraph\">Le compromis trouv\u00e9 est le suivant:<\/p>\n\n\n\n<ul class=\"wp-block-list\">\n<li>Le club s&rsquo;engage \u00e0 payer les trois premiers \u00e9v\u00e9nements avec Li Yue (si un accord est trouv\u00e9 avec elle): mention vot\u00e9e \u00e0 l&rsquo;unanimit\u00e9<\/li>\n\n\n\n<li>Le club augmente la cotisation annuelle de 10 CHF pour organiser plus d&rsquo;\u00e9v\u00e9nements: mention vot\u00e9e \u00e0 l&rsquo;unanimit\u00e9<\/li>\n<\/ul>\n","protected":false},"excerpt":{"rendered":"<p>L\u2019assembl\u00e9e g\u00e9n\u00e9rale a eu lieu le 28.03.2023 au Milan de 20h15 \u00e0 21h30. Participants: Bilan de tr\u00e9sorerie Le bilan de tr\u00e9sorerie 2022\/23 n&rsquo;a pas \u00e9t\u00e9 valid\u00e9 pour le moment. Un &hellip; <a href=\"https:\/\/lausanne.swissgo.org\/index.php\/2023\/03\/29\/assemblee-2023\/\" class=\"more-link\">Continuer la lecture<span class=\"screen-reader-text\"> de &laquo;&nbsp;Assembl\u00e9e 2023&nbsp;&raquo;<\/span><\/a><\/p>\n","protected":false},"author":2,"featured_media":0,"comment_status":"open","ping_status":"open","sticky":false,"template":"","format":"standard","meta":{"footnotes":""},"categories":[1],"tags":[],"class_list":["post-588","post","type-post","status-publish","format-standard","hentry","category-non-classe"],"_links":{"self":[{"href":"https:\/\/lausanne.swissgo.org\/index.php\/wp-json\/wp\/v2\/posts\/588","targetHints":{"allow":["GET"]}}],"collection":[{"href":"https:\/\/lausanne.swissgo.org\/index.php\/wp-json\/wp\/v2\/posts"}],"about":[{"href":"https:\/\/lausanne.swissgo.org\/index.php\/wp-json\/wp\/v2\/types\/post"}],"author":[{"embeddable":true,"href":"https:\/\/lausanne.swissgo.org\/index.php\/wp-json\/wp\/v2\/users\/2"}],"replies":[{"embeddable":true,"href":"https:\/\/lausanne.swissgo.org\/index.php\/wp-json\/wp\/v2\/comments?post=588"}],"version-history":[{"count":1,"href":"https:\/\/lausanne.swissgo.org\/index.php\/wp-json\/wp\/v2\/posts\/588\/revisions"}],"predecessor-version":[{"id":589,"href":"https:\/\/lausanne.swissgo.org\/index.php\/wp-json\/wp\/v2\/posts\/588\/revisions\/589"}],"wp:attachment":[{"href":"https:\/\/lausanne.swissgo.org\/index.php\/wp-json\/wp\/v2\/media?parent=588"}],"wp:term":[{"taxonomy":"category","embeddable":true,"href":"https:\/\/lausanne.swissgo.org\/index.php\/wp-json\/wp\/v2\/categories?post=588"},{"taxonomy":"post_tag","embeddable":true,"href":"https:\/\/lausanne.swissgo.org\/index.php\/wp-json\/wp\/v2\/tags?post=588"}],"curies":[{"name":"wp","href":"https:\/\/api.w.org\/{rel}","templated":true}]}}