{"id":485,"date":"2022-05-17T15:47:56","date_gmt":"2022-05-17T14:47:56","guid":{"rendered":"https:\/\/lausanne.swissgo.org\/?p=485"},"modified":"2022-05-17T15:47:56","modified_gmt":"2022-05-17T14:47:56","slug":"assemblee-2022","status":"publish","type":"post","link":"https:\/\/lausanne.swissgo.org\/index.php\/2022\/05\/17\/assemblee-2022\/","title":{"rendered":"Assembl\u00e9e 2022"},"content":{"rendered":"\n<p class=\"wp-block-paragraph\">L\u2019assembl\u00e9e g\u00e9n\u00e9rale a eu lieu le 10.05.2020 au Milan de 20h00 \u00e0 21h00.<\/p>\n\n\n\n<p class=\"wp-block-paragraph\"><strong>Participants:<\/strong><\/p>\n\n\n\n<ul class=\"wp-block-list\"><li>J\u00e9r\u00e9my Toutain<\/li><li>Pierre Boizot<\/li><li>Blaise Gaillard<\/li><li>Robert Meyer<\/li><li>Laurent Ducotterd<\/li><li>Rick Wertenbroek<\/li><li>Jean-Michel Kaision<\/li><\/ul>\n\n\n\n<p class=\"wp-block-paragraph\"><strong>Bilan de tr\u00e9sorerie<\/strong><\/p>\n\n\n\n<p class=\"wp-block-paragraph\">Le bilan de tr\u00e9sorerie 2020\/21 a \u00e9t\u00e9 approuv\u00e9 par l&rsquo;assembl\u00e9e. Les activit\u00e9s reprennent et donc les cotisations reprennent \u00e9galement pour l&rsquo;ann\u00e9e 2022.<\/p>\n\n\n\n<p class=\"wp-block-paragraph\"><strong>Election du comit\u00e9<\/strong><\/p>\n\n\n\n<p class=\"wp-block-paragraph\">Le comit\u00e9 pr\u00e9c\u00e9dent a \u00e9t\u00e9 \u00e9lu \u00e0 l\u2019unanimit\u00e9:<\/p>\n\n\n\n<ul class=\"wp-block-list\"><li>Laurent Ducotterd, pr\u00e9sident<\/li><li>Blaise Gaillard, tr\u00e9sorier<\/li><li>J\u00e9r\u00e9my Toutain, Secr\u00e9taire<\/li><\/ul>\n\n\n\n<p class=\"wp-block-paragraph\"><strong>Les futurs \u00e9v\u00e9nements de 2022<\/strong><\/p>\n\n\n\n<p class=\"wp-block-paragraph\">Tous les clubs de Suisse Romande ont surv\u00e9cu \u00e0 ces deux ann\u00e9es. Et donc les \u00e9v\u00e9nements reprennent cette ann\u00e9e apr\u00e8s deux ann\u00e9es de disette \u00e9v\u00e8nementielle:<\/p>\n\n\n\n<ul class=\"wp-block-list\"><li>Japan impact (21\/21 ao\u00fbt)<\/li><li>Tournoi d&rsquo;Orbe (27\/28 ao\u00fbt) organis\u00e9 par le club d&rsquo;Yverdon<\/li><li>F\u00eate des jeux de Saint Georges (1er octobre)<\/li><li>Ch\u00e2teau des jeux (pas de date pour l&rsquo;instant mais normalement 1\u00e8re semaine de septembre)<\/li><\/ul>\n\n\n\n<p class=\"wp-block-paragraph\"><strong>Divers<\/strong><\/p>\n\n\n\n<p class=\"wp-block-paragraph\">Le club de Lausanne essaiera d&rsquo;organiser un tournoi en Novembre. Ce sera s\u00fbrement un tournoi de parties rapides.<\/p>\n\n\n\n<p class=\"wp-block-paragraph\">Il serait important de trouver un endroit pour que les jeunes se r\u00e9unissent pour jouer au Go. Le restaurant Le Milan et les horaires ne correspondent pas \u00e0 la jeunesse. L&rsquo;objectif est de trouver une salle avec des joueurs seniors qui lancent l&rsquo;endroit en y participant r\u00e9guli\u00e8rement.<\/p>\n\n\n\n<p class=\"wp-block-paragraph\">Des flyers ont \u00e9t\u00e9 imprim\u00e9s en 2019 (avant le COVID). Il serait important de les distribuer \u00e0 des endroits judicieux.<\/p>\n","protected":false},"excerpt":{"rendered":"<p>L\u2019assembl\u00e9e g\u00e9n\u00e9rale a eu lieu le 10.05.2020 au Milan de 20h00 \u00e0 21h00. Participants: J\u00e9r\u00e9my Toutain Pierre Boizot Blaise Gaillard Robert Meyer Laurent Ducotterd Rick Wertenbroek Jean-Michel Kaision Bilan de &hellip; <a href=\"https:\/\/lausanne.swissgo.org\/index.php\/2022\/05\/17\/assemblee-2022\/\" class=\"more-link\">Continuer la lecture<span class=\"screen-reader-text\"> de &laquo;&nbsp;Assembl\u00e9e 2022&nbsp;&raquo;<\/span><\/a><\/p>\n","protected":false},"author":2,"featured_media":0,"comment_status":"open","ping_status":"open","sticky":false,"template":"","format":"standard","meta":{"footnotes":""},"categories":[1],"tags":[],"class_list":["post-485","post","type-post","status-publish","format-standard","hentry","category-non-classe"],"_links":{"self":[{"href":"https:\/\/lausanne.swissgo.org\/index.php\/wp-json\/wp\/v2\/posts\/485","targetHints":{"allow":["GET"]}}],"collection":[{"href":"https:\/\/lausanne.swissgo.org\/index.php\/wp-json\/wp\/v2\/posts"}],"about":[{"href":"https:\/\/lausanne.swissgo.org\/index.php\/wp-json\/wp\/v2\/types\/post"}],"author":[{"embeddable":true,"href":"https:\/\/lausanne.swissgo.org\/index.php\/wp-json\/wp\/v2\/users\/2"}],"replies":[{"embeddable":true,"href":"https:\/\/lausanne.swissgo.org\/index.php\/wp-json\/wp\/v2\/comments?post=485"}],"version-history":[{"count":1,"href":"https:\/\/lausanne.swissgo.org\/index.php\/wp-json\/wp\/v2\/posts\/485\/revisions"}],"predecessor-version":[{"id":486,"href":"https:\/\/lausanne.swissgo.org\/index.php\/wp-json\/wp\/v2\/posts\/485\/revisions\/486"}],"wp:attachment":[{"href":"https:\/\/lausanne.swissgo.org\/index.php\/wp-json\/wp\/v2\/media?parent=485"}],"wp:term":[{"taxonomy":"category","embeddable":true,"href":"https:\/\/lausanne.swissgo.org\/index.php\/wp-json\/wp\/v2\/categories?post=485"},{"taxonomy":"post_tag","embeddable":true,"href":"https:\/\/lausanne.swissgo.org\/index.php\/wp-json\/wp\/v2\/tags?post=485"}],"curies":[{"name":"wp","href":"https:\/\/api.w.org\/{rel}","templated":true}]}}