{"id":422,"date":"2020-01-15T22:11:26","date_gmt":"2020-01-15T21:11:26","guid":{"rendered":"http:\/\/lausanne.swissgo.org\/?p=422"},"modified":"2020-01-21T19:09:46","modified_gmt":"2020-01-21T18:09:46","slug":"assemblee-2019","status":"publish","type":"post","link":"https:\/\/lausanne.swissgo.org\/index.php\/2020\/01\/15\/assemblee-2019\/","title":{"rendered":"Assembl\u00e9e 2019"},"content":{"rendered":"\n<p class=\"wp-block-paragraph\">L\u2019assembl\u00e9e g\u00e9n\u00e9rale a eu lieu le 14.01.2020 au Milan de 20h00 \u00e0 21h00.<\/p>\n\n\n\n<p class=\"wp-block-paragraph\"><strong>Participants:<\/strong><br> \u25cf Haruna Okano<br> \u25cf Myriam Rossier<br> \u25cf J\u00e9r\u00e9my Toutain<br> \u25cf Robert Meyer<br> \u25cf Laurent Ducotterd<br> \u25cf Blaise Gaillard<br> \u25cf Minh Pulver-Vuong<br> \u25cf Rick Wertenbroek<br> \u25cf James Nguyen<br> \u25cf Pierre Boizot<\/p>\n\n\n\n<h4 class=\"wp-block-heading\"><strong>Election du comit\u00e9<\/strong><\/h4>\n\n\n\n<p class=\"wp-block-paragraph\">Le comit\u00e9 pr\u00e9c\u00e9dent a \u00e9t\u00e9 \u00e9lu \u00e0 l\u2019unanimit\u00e9:<br> \u25cf Laurent Ducotterd, pr\u00e9sident<br> \u25cf Blaise Gaillard, tr\u00e9sorier<br> \u25cf J\u00e9r\u00e9my Toutain, Secr\u00e9taire<\/p>\n\n\n\n<h4 class=\"wp-block-heading\"><strong>Bilan de tr\u00e9sorerie<\/strong><\/h4>\n\n\n\n<p class=\"wp-block-paragraph\">Le nouveau flyer a \u00e9t\u00e9 imprim\u00e9 \u00e0 1000 exemplaires.<br>Les comptes 2019 ont \u00e9t\u00e9 accept\u00e9s.<\/p>\n\n\n\n<h4 class=\"wp-block-heading\"><strong>Bilan des \u00e9v\u00e9nements 2019<\/strong><\/h4>\n\n\n\n<p class=\"wp-block-paragraph\">Nous avons particip\u00e9 \u00e0:<br>\n\u25cf Japan impact<br>\n\u25cf Ch\u00e2teau des jeux<br>\n\u25cf Tournoi \u00e0 La Tour de Peilz<br>\n\u25cf L&rsquo;apr\u00e8s-midi de parties simultan\u00e9es donn\u00e9es par Naoko Kumasaka<\/p>\n\n\n\n<p class=\"wp-block-paragraph\">Merci aux b\u00e9n\u00e9voles pour l\u2019aide pour ces \u00e9v\u00e9nements.<\/p>\n\n\n\n<h4 class=\"wp-block-heading\"><strong>Les \u00e9v\u00e9nements 2020<\/strong><\/h4>\n\n\n\n<p class=\"wp-block-paragraph\"><strong>Tournoi<\/strong><\/p>\n\n\n\n<p class=\"wp-block-paragraph\">Notre ami Rick va organiser de nouveau un tournoi. Le tournoi aurait lieu \u00e0 la Tour de Peilz (fin mai \/ d\u00e9but juin selon les r\u00e9ponses du ch\u00e2teau). Nous vous tiendrons informer sur ce sujet au cours de l\u2019ann\u00e9e.<\/p>\n\n\n\n<p class=\"wp-block-paragraph\"><strong>Tournoi Suisse<\/strong><\/p>\n\n\n\n<p class=\"wp-block-paragraph\">Nous allons proposer d&rsquo;organiser le tournoi suisse \u00e0 Lausanne pour l&rsquo;ann\u00e9e prochaine \u00e0 l&rsquo;assembl\u00e9e de la F\u00e9d\u00e9ration Suisse.<\/p>\n\n\n\n<p class=\"wp-block-paragraph\"><br> <\/p>\n","protected":false},"excerpt":{"rendered":"<p>L\u2019assembl\u00e9e g\u00e9n\u00e9rale a eu lieu le 14.01.2020 au Milan de 20h00 \u00e0 21h00. Participants: \u25cf Haruna Okano \u25cf Myriam Rossier \u25cf J\u00e9r\u00e9my Toutain \u25cf Robert Meyer \u25cf Laurent Ducotterd \u25cf &hellip; <a href=\"https:\/\/lausanne.swissgo.org\/index.php\/2020\/01\/15\/assemblee-2019\/\" class=\"more-link\">Continuer la lecture<span class=\"screen-reader-text\"> de &laquo;&nbsp;Assembl\u00e9e 2019&nbsp;&raquo;<\/span><\/a><\/p>\n","protected":false},"author":2,"featured_media":0,"comment_status":"open","ping_status":"open","sticky":false,"template":"","format":"standard","meta":{"footnotes":""},"categories":[1],"tags":[],"class_list":["post-422","post","type-post","status-publish","format-standard","hentry","category-non-classe"],"_links":{"self":[{"href":"https:\/\/lausanne.swissgo.org\/index.php\/wp-json\/wp\/v2\/posts\/422","targetHints":{"allow":["GET"]}}],"collection":[{"href":"https:\/\/lausanne.swissgo.org\/index.php\/wp-json\/wp\/v2\/posts"}],"about":[{"href":"https:\/\/lausanne.swissgo.org\/index.php\/wp-json\/wp\/v2\/types\/post"}],"author":[{"embeddable":true,"href":"https:\/\/lausanne.swissgo.org\/index.php\/wp-json\/wp\/v2\/users\/2"}],"replies":[{"embeddable":true,"href":"https:\/\/lausanne.swissgo.org\/index.php\/wp-json\/wp\/v2\/comments?post=422"}],"version-history":[{"count":3,"href":"https:\/\/lausanne.swissgo.org\/index.php\/wp-json\/wp\/v2\/posts\/422\/revisions"}],"predecessor-version":[{"id":428,"href":"https:\/\/lausanne.swissgo.org\/index.php\/wp-json\/wp\/v2\/posts\/422\/revisions\/428"}],"wp:attachment":[{"href":"https:\/\/lausanne.swissgo.org\/index.php\/wp-json\/wp\/v2\/media?parent=422"}],"wp:term":[{"taxonomy":"category","embeddable":true,"href":"https:\/\/lausanne.swissgo.org\/index.php\/wp-json\/wp\/v2\/categories?post=422"},{"taxonomy":"post_tag","embeddable":true,"href":"https:\/\/lausanne.swissgo.org\/index.php\/wp-json\/wp\/v2\/tags?post=422"}],"curies":[{"name":"wp","href":"https:\/\/api.w.org\/{rel}","templated":true}]}}