{"id":412,"date":"2019-09-15T16:37:05","date_gmt":"2019-09-15T15:37:05","guid":{"rendered":"http:\/\/lausanne.swissgo.org\/?p=412"},"modified":"2019-09-15T16:37:05","modified_gmt":"2019-09-15T15:37:05","slug":"nouvelles-de-septembre","status":"publish","type":"post","link":"https:\/\/lausanne.swissgo.org\/index.php\/2019\/09\/15\/nouvelles-de-septembre\/","title":{"rendered":"Nouvelles de Septembre"},"content":{"rendered":"\n<h3 class=\"wp-block-heading\">Les prochains \u00e9v\u00e9nements<\/h3>\n\n\n\n<p class=\"wp-block-paragraph\"><strong>Le Tournoi de Gen\u00e8ve 2019<\/strong><\/p>\n\n\n\n<p class=\"wp-block-paragraph\">Le tournoi de Gen\u00e8ve aura lieu \u00e0 Veyrier, le 5 et 6 octobre. Je n&rsquo;ai pour l&rsquo;instant pas de d\u00e9tails \u00e0 vous communiquer.<\/p>\n\n\n\n<p class=\"wp-block-paragraph\"><strong>Le tournoi de Winterthur 2019<\/strong><\/p>\n\n\n\n<p class=\"wp-block-paragraph\">Le tournoi de winterthur aura lieu le 9 novembre. Il y a 4 tours, ouvert \u00e0 tous les niveaux. <\/p>\n\n\n\n<p class=\"wp-block-paragraph\">Les horaires:<br>&#8211; Ouverture de la porte: 8h15<br>&#8211; Inscription: 8h15 &#8211; 8h45<br>&#8211; 1er tour: 9h00<br>&#8211; 2\u00e8me tour: 11h00<br>&#8211; 3\u00e8me tour: 13h45<br>&#8211; 4\u00e8me tour: 16h00<br>&#8211; Ensuite, la distribution des prix vers 18h15<br>Site web: <a href=\"https:\/\/wintigo.org\/turniere\/herbst\/ausschreibung\/index_en.php\">https:\/\/wintigo.org\/turniere\/herbst\/ausschreibung\/index_en.php<\/a><\/p>\n\n\n\n<p class=\"wp-block-paragraph\"><strong>Go-Ski camp 25.01 &#8211; 01.02.2020<\/strong><\/p>\n\n\n\n<p class=\"wp-block-paragraph\">Un camp de Go est organis\u00e9 par le club de Grenoble avec un programme sain: Ski, le matin et Go, l&rsquo;apr\u00e8s-midi. Les enseignants seront Inseong Hwang et Tanguy Le Calv\u00e9.<\/p>\n\n\n\n<p class=\"wp-block-paragraph\"><a href=\"http:\/\/stage-go-ski.jeudego.org\/en\/\">http:\/\/stage-go-ski.jeudego.org\/en\/<\/a><\/p>\n\n\n\n<hr class=\"wp-block-separator\"\/>\n\n\n\n<h3 class=\"wp-block-heading\">Les derniers \u00e9v\u00e9nements<\/h3>\n\n\n\n<h4 class=\"wp-block-heading\">(Plus de d\u00e9tails sur le site de la f\u00e9d\u00e9ration europ\u00e9enne)<\/h4>\n\n\n\n<p class=\"wp-block-paragraph\"><strong>European Go Congress 2019<\/strong><\/p>\n\n\n\n<p class=\"wp-block-paragraph\">Le congr\u00e8s annuel a eu lieu \u00e0 Brussels et a r\u00e9uni 847 joueurs pendant 2 semaines. Le prochain congr\u00e8s aura en Ukraine \u00e0 Kamyanets-Podilskyi.<\/p>\n\n\n\n<p class=\"wp-block-paragraph\"><a href=\"http:\/\/egc2020.org.ua\/\">http:\/\/egc2020.org.ua\/<\/a><\/p>\n\n\n\n<figure class=\"wp-block-image\"><img loading=\"lazy\" decoding=\"async\" width=\"810\" height=\"568\" src=\"http:\/\/lausanne.swissgo.org\/wp-content\/uploads\/2019\/09\/fortress.jpg\" alt=\"\" class=\"wp-image-413\" srcset=\"https:\/\/lausanne.swissgo.org\/wp-content\/uploads\/2019\/09\/fortress.jpg 810w, https:\/\/lausanne.swissgo.org\/wp-content\/uploads\/2019\/09\/fortress-300x210.jpg 300w, https:\/\/lausanne.swissgo.org\/wp-content\/uploads\/2019\/09\/fortress-768x539.jpg 768w, https:\/\/lausanne.swissgo.org\/wp-content\/uploads\/2019\/09\/fortress-600x421.jpg 600w, https:\/\/lausanne.swissgo.org\/wp-content\/uploads\/2019\/09\/fortress-500x351.jpg 500w\" sizes=\"auto, (max-width: 709px) 85vw, (max-width: 909px) 67vw, (max-width: 984px) 61vw, (max-width: 1362px) 45vw, 600px\" \/><\/figure>\n\n\n\n<p class=\"wp-block-paragraph\"><strong>European Women&rsquo;s Go Championship 2019 &#8211; Trier<\/strong><\/p>\n\n\n\n<p class=\"wp-block-paragraph\">Le tournoi europ\u00e9en f\u00e9minin a eu lieu \u00e0 Trier en Allemagne, le 7 et 9 septembre. <\/p>\n\n\n\n<ul class=\"wp-block-list\"><li>1\u00e8re &#8211; Ariane Ougier (FR)<\/li><li>2\u00e8me &#8211; Dina Burdakova (RU)<\/li><li>3\u00e8me &#8211; Natalia Kovaleva (RU)<\/li><\/ul>\n\n\n\n<figure class=\"wp-block-image\"><img loading=\"lazy\" decoding=\"async\" width=\"1024\" height=\"682\" src=\"http:\/\/lausanne.swissgo.org\/wp-content\/uploads\/2019\/09\/5-1024x682.jpg\" alt=\"\" class=\"wp-image-414\" srcset=\"https:\/\/lausanne.swissgo.org\/wp-content\/uploads\/2019\/09\/5-1024x682.jpg 1024w, https:\/\/lausanne.swissgo.org\/wp-content\/uploads\/2019\/09\/5-300x200.jpg 300w, https:\/\/lausanne.swissgo.org\/wp-content\/uploads\/2019\/09\/5-768x512.jpg 768w, https:\/\/lausanne.swissgo.org\/wp-content\/uploads\/2019\/09\/5-600x400.jpg 600w, https:\/\/lausanne.swissgo.org\/wp-content\/uploads\/2019\/09\/5-500x333.jpg 500w, https:\/\/lausanne.swissgo.org\/wp-content\/uploads\/2019\/09\/5.jpg 1280w\" sizes=\"auto, (max-width: 709px) 85vw, (max-width: 909px) 67vw, (max-width: 1362px) 62vw, 840px\" \/><\/figure>\n\n\n\n<p class=\"wp-block-paragraph\"><strong>Septi\u00e8me pro europ\u00e9en<\/strong><\/p>\n\n\n\n<p class=\"wp-block-paragraph\">Une nouvelle personne s&rsquo;est qualifi\u00e9 pour devenir professionnel en Europe.<\/p>\n\n\n\n<figure class=\"wp-block-image\"><img loading=\"lazy\" decoding=\"async\" width=\"703\" height=\"760\" src=\"http:\/\/lausanne.swissgo.org\/wp-content\/uploads\/2019\/09\/tanguy2.jpg\" alt=\"\" class=\"wp-image-415\" srcset=\"https:\/\/lausanne.swissgo.org\/wp-content\/uploads\/2019\/09\/tanguy2.jpg 703w, https:\/\/lausanne.swissgo.org\/wp-content\/uploads\/2019\/09\/tanguy2-278x300.jpg 278w, https:\/\/lausanne.swissgo.org\/wp-content\/uploads\/2019\/09\/tanguy2-600x649.jpg 600w, https:\/\/lausanne.swissgo.org\/wp-content\/uploads\/2019\/09\/tanguy2-370x400.jpg 370w\" sizes=\"auto, (max-width: 709px) 85vw, (max-width: 909px) 67vw, (max-width: 984px) 61vw, (max-width: 1362px) 45vw, 600px\" \/><figcaption><strong>Tanguy Le Calv\u00e9 (FR)<\/strong><\/figcaption><\/figure>\n\n\n\n<hr class=\"wp-block-separator\"\/>\n\n\n\n<h3 class=\"wp-block-heading\">Initiative<\/h3>\n\n\n\n<p class=\"wp-block-paragraph\">Un livre a \u00e9t\u00e9 \u00e9crit pour les d\u00e9butants, il est gratuit et vous pouvez le t\u00e9l\u00e9charger. Des b\u00e9n\u00e9voles le traduisent dans plusieurs langues. Il existe en grec, en anglais et en fran\u00e7ais. Le portugais est en cours de traduction. <a href=\"https:\/\/fr.gobook.eu\/\">https:\/\/fr.gobook.eu\/<\/a><\/p>\n","protected":false},"excerpt":{"rendered":"<p>Les prochains \u00e9v\u00e9nements Le Tournoi de Gen\u00e8ve 2019 Le tournoi de Gen\u00e8ve aura lieu \u00e0 Veyrier, le 5 et 6 octobre. Je n&rsquo;ai pour l&rsquo;instant pas de d\u00e9tails \u00e0 vous &hellip; <a href=\"https:\/\/lausanne.swissgo.org\/index.php\/2019\/09\/15\/nouvelles-de-septembre\/\" class=\"more-link\">Continuer la lecture<span class=\"screen-reader-text\"> de &laquo;&nbsp;Nouvelles de Septembre&nbsp;&raquo;<\/span><\/a><\/p>\n","protected":false},"author":2,"featured_media":0,"comment_status":"open","ping_status":"open","sticky":false,"template":"","format":"standard","meta":{"footnotes":""},"categories":[1],"tags":[],"class_list":["post-412","post","type-post","status-publish","format-standard","hentry","category-non-classe"],"_links":{"self":[{"href":"https:\/\/lausanne.swissgo.org\/index.php\/wp-json\/wp\/v2\/posts\/412","targetHints":{"allow":["GET"]}}],"collection":[{"href":"https:\/\/lausanne.swissgo.org\/index.php\/wp-json\/wp\/v2\/posts"}],"about":[{"href":"https:\/\/lausanne.swissgo.org\/index.php\/wp-json\/wp\/v2\/types\/post"}],"author":[{"embeddable":true,"href":"https:\/\/lausanne.swissgo.org\/index.php\/wp-json\/wp\/v2\/users\/2"}],"replies":[{"embeddable":true,"href":"https:\/\/lausanne.swissgo.org\/index.php\/wp-json\/wp\/v2\/comments?post=412"}],"version-history":[{"count":1,"href":"https:\/\/lausanne.swissgo.org\/index.php\/wp-json\/wp\/v2\/posts\/412\/revisions"}],"predecessor-version":[{"id":416,"href":"https:\/\/lausanne.swissgo.org\/index.php\/wp-json\/wp\/v2\/posts\/412\/revisions\/416"}],"wp:attachment":[{"href":"https:\/\/lausanne.swissgo.org\/index.php\/wp-json\/wp\/v2\/media?parent=412"}],"wp:term":[{"taxonomy":"category","embeddable":true,"href":"https:\/\/lausanne.swissgo.org\/index.php\/wp-json\/wp\/v2\/categories?post=412"},{"taxonomy":"post_tag","embeddable":true,"href":"https:\/\/lausanne.swissgo.org\/index.php\/wp-json\/wp\/v2\/tags?post=412"}],"curies":[{"name":"wp","href":"https:\/\/api.w.org\/{rel}","templated":true}]}}