{"id":396,"date":"2019-05-06T20:03:25","date_gmt":"2019-05-06T19:03:25","guid":{"rendered":"http:\/\/lausanne.swissgo.org\/?p=396"},"modified":"2019-05-06T20:03:25","modified_gmt":"2019-05-06T19:03:25","slug":"assemblee-de-la-federation-2019","status":"publish","type":"post","link":"https:\/\/lausanne.swissgo.org\/index.php\/2019\/05\/06\/assemblee-de-la-federation-2019\/","title":{"rendered":"Assembl\u00e9e de la F\u00e9d\u00e9ration 2019"},"content":{"rendered":"\n<p class=\"wp-block-paragraph\">Bonjour,<\/p>\n\n\n\n<p class=\"wp-block-paragraph\">Voil\u00e0 le r\u00e9sum\u00e9 de ce qui a \u00e9t\u00e9 discut\u00e9 lors de l\u2019assembl\u00e9e du 05 mai 2019.<\/p>\n\n\n\n<ul class=\"wp-block-list\"><li>Gestion de la F\u00e9d\u00e9ration<\/li><li>Suivi des projets<\/li><li>Enseignement du Go en Suisse<\/li><li>F\u00e9d\u00e9ration europ\u00e9enne de Go<\/li><\/ul>\n\n\n\n<h2 class=\"wp-block-heading\">Gestion de la F\u00e9d\u00e9ration<\/h2>\n\n\n\n<h3 class=\"wp-block-heading\">Pr\u00e9c\u00e9dente AG<\/h3>\n\n\n\n<p class=\"wp-block-paragraph\">Le compte rendu de la derni\u00e8re assembl\u00e9e g\u00e9n\u00e9rale a \u00e9t\u00e9 approuv\u00e9 \u00e0 l\u2019unanimit\u00e9.<\/p>\n\n\n\n<h3 class=\"wp-block-heading\">Les Comptes<\/h3>\n\n\n\n<p class=\"wp-block-paragraph\">Je ne vais pas donner les chiffres exacts mais les pourcentages. Les cotisations des membres ont \u00e9t\u00e9 utilis\u00e9s \u00e0 95% environ. Le club de Lausanne correspond \u00e0 1\/4 des cotisations.<\/p>\n\n\n\n<p class=\"wp-block-paragraph\">Les d\u00e9penses avec des pourcentages arrondis :<\/p>\n\n\n\n<ul class=\"wp-block-list\"><li>La sponsorisation des tournois: 35%<\/li><li> Les ateliers et les petits projets: 25%<\/li><li> La gestion du ranking par l\u2019EGF et l\u2019IGF: 15%<\/li><li> Aide \u00e0 la participation aux tournois: 15%<\/li><li> Management (Compte bancaire, Website\u2026): 10%<\/li><li> Les comptes ont \u00e9t\u00e9 approuv\u00e9s \u00e0 l\u2019unanimit\u00e9.<\/li><\/ul>\n\n\n\n<h3 class=\"wp-block-heading\">Comit\u00e9<\/h3>\n\n\n\n<p class=\"wp-block-paragraph\">F\u00e9licien quitte le comit\u00e9. Nouveau comit\u00e9:<\/p>\n\n\n\n<ul class=\"wp-block-list\"><li>Flavien Aubelle (pr\u00e9sident)<\/li><li>Lorenz Trippel (Secr\u00e9taire \/ Tr\u00e9sorier)<\/li><li>Morrison Roberto (Chef de projet)<\/li><li>In-Seong Hwang (Professeur officiel)<\/li><li>Li Yue (Professeur officiel)<\/li><\/ul>\n\n\n\n<h3 class=\"wp-block-heading\">Le prochain championnat Suisse<\/h3>\n\n\n\n<p class=\"wp-block-paragraph\"> Locarno a accept\u00e9 de produire le prochain championnat Suisse.<br> Roberto qui a d\u00e9j\u00e0 organis\u00e9 de nombreux \u00e9v\u00e9nements, aimerait \u00eatre un peu plus aid\u00e9.<\/p>\n\n\n\n<h2 class=\"wp-block-heading\">Suivi des projets<\/h2>\n\n\n\n<h3 class=\"wp-block-heading\">Tournoi \u2018Go european Team Championship\u2019<\/h3>\n\n\n\n<p class=\"wp-block-paragraph\">Tous les ans, la Suisse participe \u00e0 ce tournoi online avec une \u00e9quipe fait des meilleurs joueurs Suisse. Le tournoi est divis\u00e9 en 4 ligues de 10 \u00e9quipes. Cette ann\u00e9e, la Suisse est en ligue B. (<a href=\"http:\/\/pandanet-igs.com\/communities\/euroteamchamps\">http:\/\/pandanet-igs.com\/communities\/euroteamchamps<\/a>)<\/p>\n\n\n\n<h3 class=\"wp-block-heading\">Enseignement du Go en Suisse<\/h3>\n\n\n\n<p class=\"wp-block-paragraph\">In-Seong Hwang reste le principal enseignant en Suisse avec Li Yue. Il organisera un camp de Go en Suisse. Cela devrait avoir lieu \u00e0 la fin du mois d&rsquo;Ao\u00fbt.<\/p>\n\n\n\n<h3 class=\"wp-block-heading\">SEYGO Tour (Saijo European Youth GO Tour)<\/h3>\n\n\n\n<p class=\"wp-block-paragraph\">Catalin Tanaru est en train de cr\u00e9er une s\u00e9rie de tournoi pour les jeunes ( Saijo est le nom du ma\u00eetre qui a form\u00e9 Catalin, c&rsquo;est un hommage qu&rsquo;il lui fait ). Le but est de faire 6 tournois pour les moins de 20 ans dans 6 pays diff\u00e9rents: <\/p>\n\n\n\n<ul class=\"wp-block-list\"><li>Roumanie (Vatra Dornei)<\/li><li>Allemagne (Jena)<\/li><li>Croatie (Adriatic Sea-side resort Zaostrog)<\/li><li>Autriche (Vienna)<\/li><li>Suisse (Geneva)<\/li><li>Pays-bas (Amstelveen)<\/li><\/ul>\n\n\n\n<p class=\"wp-block-paragraph\">Le tournoi en Suisse aura lieu en octobre. Flavien Aubelle, Li Yue et Fran\u00e7ois Van Walleghem s&rsquo;occupent de l&rsquo;organisation. Si des gens sont int\u00e9ress\u00e9s, ils recrutent des b\u00e9n\u00e9voles. <\/p>\n\n\n\n<h2 class=\"wp-block-heading\">F\u00e9d\u00e9ration europ\u00e9enne de Go<\/h2>\n\n\n\n<p class=\"wp-block-paragraph\">Cela fait maintenant 7 ans que Lorenz travaille pour la F\u00e9d\u00e9ration Europ\u00e9enne. Il tenait \u00e0 faire part de son enthousiasme pour le projet qui a permis de cr\u00e9er des joueurs pro europ\u00e9ens.  Il a maintenant 7 professionnels. Il y a r\u00e9guli\u00e8rement un tournoi transatlantique \u00ab\u00a0Europe\u00a0\u00bb contre \u00ab\u00a0Am\u00e9rique\u00a0\u00bb, nous menons par 2 \u00e0 0 pour le moment ( Le 3 \u00e0 0 est en cours ).<\/p>\n\n\n\n<p class=\"wp-block-paragraph\">Il a maintenant un cha\u00eene Twitch ( une cha\u00eene vid\u00e9o sur internet ) qui diffuse les matchs &lsquo;Top groupes&rsquo; des \u00e9v\u00e9nements europ\u00e9ens.<br><a href=\"https:\/\/www.twitch.tv\/europeangofederation\">https:\/\/www.twitch.tv\/europeangofederation<\/a><br><\/p>\n\n\n\n<p class=\"wp-block-paragraph\">Cette activit\u00e9 est assez chronophage. Si des volontaires veulent rejoindre l&rsquo;EGF pour les aider, vous \u00eates les bienvenus.<br>( je penses que le plus simple, c&rsquo;est de contacter Lorenz ).<\/p>\n","protected":false},"excerpt":{"rendered":"<p>Bonjour, Voil\u00e0 le r\u00e9sum\u00e9 de ce qui a \u00e9t\u00e9 discut\u00e9 lors de l\u2019assembl\u00e9e du 05 mai 2019. Gestion de la F\u00e9d\u00e9ration Suivi des projets Enseignement du Go en Suisse F\u00e9d\u00e9ration &hellip; <a href=\"https:\/\/lausanne.swissgo.org\/index.php\/2019\/05\/06\/assemblee-de-la-federation-2019\/\" class=\"more-link\">Continuer la lecture<span class=\"screen-reader-text\"> de &laquo;&nbsp;Assembl\u00e9e de la F\u00e9d\u00e9ration 2019&nbsp;&raquo;<\/span><\/a><\/p>\n","protected":false},"author":2,"featured_media":0,"comment_status":"open","ping_status":"open","sticky":false,"template":"","format":"standard","meta":{"footnotes":""},"categories":[1],"tags":[],"class_list":["post-396","post","type-post","status-publish","format-standard","hentry","category-non-classe"],"_links":{"self":[{"href":"https:\/\/lausanne.swissgo.org\/index.php\/wp-json\/wp\/v2\/posts\/396","targetHints":{"allow":["GET"]}}],"collection":[{"href":"https:\/\/lausanne.swissgo.org\/index.php\/wp-json\/wp\/v2\/posts"}],"about":[{"href":"https:\/\/lausanne.swissgo.org\/index.php\/wp-json\/wp\/v2\/types\/post"}],"author":[{"embeddable":true,"href":"https:\/\/lausanne.swissgo.org\/index.php\/wp-json\/wp\/v2\/users\/2"}],"replies":[{"embeddable":true,"href":"https:\/\/lausanne.swissgo.org\/index.php\/wp-json\/wp\/v2\/comments?post=396"}],"version-history":[{"count":1,"href":"https:\/\/lausanne.swissgo.org\/index.php\/wp-json\/wp\/v2\/posts\/396\/revisions"}],"predecessor-version":[{"id":397,"href":"https:\/\/lausanne.swissgo.org\/index.php\/wp-json\/wp\/v2\/posts\/396\/revisions\/397"}],"wp:attachment":[{"href":"https:\/\/lausanne.swissgo.org\/index.php\/wp-json\/wp\/v2\/media?parent=396"}],"wp:term":[{"taxonomy":"category","embeddable":true,"href":"https:\/\/lausanne.swissgo.org\/index.php\/wp-json\/wp\/v2\/categories?post=396"},{"taxonomy":"post_tag","embeddable":true,"href":"https:\/\/lausanne.swissgo.org\/index.php\/wp-json\/wp\/v2\/tags?post=396"}],"curies":[{"name":"wp","href":"https:\/\/api.w.org\/{rel}","templated":true}]}}