{"id":376,"date":"2019-02-18T19:52:55","date_gmt":"2019-02-18T18:52:55","guid":{"rendered":"http:\/\/lausanne.swissgo.org\/?p=376"},"modified":"2019-02-18T19:52:55","modified_gmt":"2019-02-18T18:52:55","slug":"assemblee-de-2018","status":"publish","type":"post","link":"https:\/\/lausanne.swissgo.org\/index.php\/2019\/02\/18\/assemblee-de-2018\/","title":{"rendered":"Assembl\u00e9e de 2018"},"content":{"rendered":"\n<p class=\"wp-block-paragraph\">L\u2019assembl\u00e9e g\u00e9n\u00e9rale a eu lieu le 29.01.2019 au Milan de 20h00 \u00e0 21h00.<br><\/p>\n\n\n\n<p class=\"wp-block-paragraph\"><strong>Participants:<\/strong><br> \u25cf    Haruna Okano<br> \u25cf    Myriam Rossier<br> \u25cf    J\u00e9r\u00e9my Toutain<br> \u25cf    Robert Meyer<br> \u25cf    Laurent Ducotterd<br> \u25cf    Blaise Gaillard<br> \u25cf    Jonah Tardif<br> \u25cf    Rick Wertenbroek<br> \u25cf    Gr\u00e9goire Thomazeau<br><\/p>\n\n\n\n<p class=\"has-medium-font-size wp-block-paragraph\"><strong>Election du comit\u00e9<\/strong><br><\/p>\n\n\n\n<p class=\"wp-block-paragraph\">Le comit\u00e9 pr\u00e9c\u00e9dent a \u00e9t\u00e9 r\u00e9\u00e9lu \u00e0 l&rsquo;unanimit\u00e9: <br> \u25cf    Haruna Okano, pr\u00e9sidente<br> \u25cf    Myriam Rossier, tr\u00e9sori\u00e8re<br> \u25cf    J\u00e9r\u00e9my Toutain, Secr\u00e9taire<\/p>\n\n\n\n<p class=\"has-medium-font-size wp-block-paragraph\"><strong>Bilan de tr\u00e9sorerie<\/strong><br><\/p>\n\n\n\n<p class=\"wp-block-paragraph\"><strong>Subventions<\/strong><\/p>\n\n\n\n<p class=\"wp-block-paragraph\" style=\"text-align:left\">Cette ann\u00e9e, nous avons fait une demande \u00e0 la loterie Suisse Romande pour obtenir une subvention. Cette demande a \u00e9t\u00e9 refus\u00e9e, elle concernait un projet d&rsquo;achats de mat\u00e9riel de promotion (flyers, gobans\u2026) pour les \u00e9v\u00e9nements 2019. La loterie Suisse Romande soutient plut\u00f4t des projets ponctuels.<br>Une autre piste pour les subventions serait de soumettre un projet \u00e0 la Politique de l&rsquo;enfance et de la jeunesse (PEJ) du canton de Vaud. De nouvelles subventions ont \u00e9t\u00e9 cr\u00e9\u00e9es depuis septembre 2018 \u00e0 cet effet.<\/p>\n\n\n\n<p class=\"wp-block-paragraph\"><strong>Nouveau flyer<\/strong><\/p>\n\n\n\n<p class=\"wp-block-paragraph\">Il y a deux ans, nous avons imprim\u00e9 1000 flyers en partenariat avec la F\u00e9d\u00e9ration et nous les avons partag\u00e9s avec les diff\u00e9rents clubs romands (qui nous avaient r\u00e9pondu). Les flyers avec les r\u00e8gles disparaissent beaucoup plus vite que les anciens. Nous arrivons gentiment au bout de notre stock. Notre ami Laurent nous a fait la surprise de proposer un nouveau flyer o\u00f9 il a r\u00e9ussi \u00e0 \u00e9crire plus en d\u00e9tail les r\u00e8gles. Les illustrations ont \u00e9galement \u00e9t\u00e9 revues. Nous allons donc faire une r\u00e9impression cette ann\u00e9e.<\/p>\n\n\n\n<p class=\"wp-block-paragraph\"><strong>Cotisations  <\/strong><\/p>\n\n\n\n<p class=\"wp-block-paragraph\">Nous allons faire un changement administratif pour les cotisations. Nous avons constat\u00e9 que tous les membres payent par virement bancaire. Nous n\u2019enverrons donc plus de bulletins de versement par la poste mais par mail. Nous r\u00e9aliserons quelques \u00e9conomies sur le mat\u00e9riel de bureau et sur le temps des b\u00e9n\u00e9voles.<\/p>\n\n\n\n<p class=\"wp-block-paragraph\"><strong>Acceptation des comptes 2018<\/strong><\/p>\n\n\n\n<p class=\"wp-block-paragraph\">Suite \u00e0 un contretemps, nous n\u2019avons pas pu valider les comptes 2018 pendant l\u2019AG. Nous avons convenu avec les participants de la s\u00e9ance de valider les comptes par mail. A ce jour (18.02.2019), j\u2019ai re\u00e7u la validation de la majorit\u00e9 des participants. Je d\u00e9clare donc les comptes valid\u00e9s pour cette ann\u00e9e. <\/p>\n\n\n\n<p class=\"has-medium-font-size wp-block-paragraph\"><strong>Bilan des \u00e9v\u00e9nements 2018<\/strong><\/p>\n\n\n\n<p class=\"wp-block-paragraph\">Nous avons particip\u00e9 \u00e0:<br> \u25cf    St Georges<br> \u25cf    Japan impact<br> \u25cf    Participations au Pair Go europ\u00e9en \u00e0 Locarno<br> \u25cf    Ch\u00e2teau des jeux<br> \u25cf    Dimanche des d\u00e9butants<br> \u25cf    Ap\u00e9ro des 40 ans<\/p>\n\n\n\n<p class=\"wp-block-paragraph\">Merci aux b\u00e9n\u00e9voles pour l\u2019aide pour ces \u00e9v\u00e9nements.<br>Nous avons malheureusement deux mauvaises nouvelles:<br><\/p>\n\n\n\n<p class=\"wp-block-paragraph\"><strong>CPHV (Centre p\u00e9dagogique pour handicap\u00e9s de la vue)<\/strong><\/p>\n\n\n\n<p class=\"wp-block-paragraph\">Suite \u00e0 des changements dans la direction du centre p\u00e9dagogique, nous allons arr\u00eater notre collaboration pour le moment. L\u2019ensemble des jeux qui nous avions pr\u00eat\u00e9, ont \u00e9t\u00e9 r\u00e9cup\u00e9r\u00e9s. <\/p>\n\n\n\n<p class=\"wp-block-paragraph\"><strong>L\u2019\u00e9cole de la Garanderie<\/strong><\/p>\n\n\n\n<p class=\"wp-block-paragraph\">Une activit\u00e9 Go avait \u00e9t\u00e9 commenc\u00e9e \u00e0 l\u2019\u00e9cole de la Garanderie avec une personne du club de Gen\u00e8ve. L\u2019\u00e9cole n\u2019a pas souhait\u00e9 continuer l\u2019activit\u00e9.<br><\/p>\n\n\n\n<p class=\"has-medium-font-size wp-block-paragraph\"><strong>Les \u00e9v\u00e9nements 2019<\/strong><\/p>\n\n\n\n<p class=\"wp-block-paragraph\"><strong>Tournoi<\/strong><\/p>\n\n\n\n<p class=\"wp-block-paragraph\"> Notre ami Rick a envie d\u2019organiser un tournoi cet \u00e9t\u00e9. Le tournoi aurait lieu \u00e0 la Tour de Peilz. Nous vous tiendrons informer sur ce sujet au cours de l\u2019ann\u00e9e..<\/p>\n\n\n\n<p class=\"wp-block-paragraph\"><strong>Naoko Kumasaka<\/strong><\/p>\n\n\n\n<p class=\"wp-block-paragraph\">Nous aurons la visite de Naoko au d\u00e9but du moi de mai. Cette dame est une ex-insei qui enseigne le go au Japon. Elle nous avait d\u00e9j\u00e0 rendu visite, il y a quelques ann\u00e9es. Nous allons organiser des simultan\u00e9es avec elle pendant un samedi ou un dimanche apr\u00e8s-midi. Nous demanderons une petite participation pour payer ses frais et ses prestations: 5 CHF pour les \u00e9tudiants et 10 CHF pour les adultes.<\/p>\n","protected":false},"excerpt":{"rendered":"<p>L\u2019assembl\u00e9e g\u00e9n\u00e9rale a eu lieu le 29.01.2019 au Milan de 20h00 \u00e0 21h00. Participants: \u25cf Haruna Okano \u25cf Myriam Rossier \u25cf J\u00e9r\u00e9my Toutain \u25cf Robert Meyer \u25cf Laurent Ducotterd \u25cf &hellip; <a href=\"https:\/\/lausanne.swissgo.org\/index.php\/2019\/02\/18\/assemblee-de-2018\/\" class=\"more-link\">Continuer la lecture<span class=\"screen-reader-text\"> de &laquo;&nbsp;Assembl\u00e9e de 2018&nbsp;&raquo;<\/span><\/a><\/p>\n","protected":false},"author":2,"featured_media":0,"comment_status":"open","ping_status":"open","sticky":false,"template":"","format":"standard","meta":{"footnotes":""},"categories":[1],"tags":[],"class_list":["post-376","post","type-post","status-publish","format-standard","hentry","category-non-classe"],"_links":{"self":[{"href":"https:\/\/lausanne.swissgo.org\/index.php\/wp-json\/wp\/v2\/posts\/376","targetHints":{"allow":["GET"]}}],"collection":[{"href":"https:\/\/lausanne.swissgo.org\/index.php\/wp-json\/wp\/v2\/posts"}],"about":[{"href":"https:\/\/lausanne.swissgo.org\/index.php\/wp-json\/wp\/v2\/types\/post"}],"author":[{"embeddable":true,"href":"https:\/\/lausanne.swissgo.org\/index.php\/wp-json\/wp\/v2\/users\/2"}],"replies":[{"embeddable":true,"href":"https:\/\/lausanne.swissgo.org\/index.php\/wp-json\/wp\/v2\/comments?post=376"}],"version-history":[{"count":1,"href":"https:\/\/lausanne.swissgo.org\/index.php\/wp-json\/wp\/v2\/posts\/376\/revisions"}],"predecessor-version":[{"id":377,"href":"https:\/\/lausanne.swissgo.org\/index.php\/wp-json\/wp\/v2\/posts\/376\/revisions\/377"}],"wp:attachment":[{"href":"https:\/\/lausanne.swissgo.org\/index.php\/wp-json\/wp\/v2\/media?parent=376"}],"wp:term":[{"taxonomy":"category","embeddable":true,"href":"https:\/\/lausanne.swissgo.org\/index.php\/wp-json\/wp\/v2\/categories?post=376"},{"taxonomy":"post_tag","embeddable":true,"href":"https:\/\/lausanne.swissgo.org\/index.php\/wp-json\/wp\/v2\/tags?post=376"}],"curies":[{"name":"wp","href":"https:\/\/api.w.org\/{rel}","templated":true}]}}