{"id":343,"date":"2018-09-03T23:16:40","date_gmt":"2018-09-03T22:16:40","guid":{"rendered":"http:\/\/lausanne.swissgo.org\/?p=343"},"modified":"2018-09-03T23:16:40","modified_gmt":"2018-09-03T22:16:40","slug":"apero-et-barbecue-pour-les-40-ans-du-club","status":"publish","type":"post","link":"https:\/\/lausanne.swissgo.org\/index.php\/2018\/09\/03\/apero-et-barbecue-pour-les-40-ans-du-club\/","title":{"rendered":"Ap\u00e9ro et barbecue pour les 40 ans du club"},"content":{"rendered":"<p><a href=\"http:\/\/lausanne.swissgo.org\/wp-content\/uploads\/2018\/09\/Rubrique-Valencienne-1300x500.jpg\"><img loading=\"lazy\" decoding=\"async\" class=\"alignnone  wp-image-344\" src=\"http:\/\/lausanne.swissgo.org\/wp-content\/uploads\/2018\/09\/Rubrique-Valencienne-1300x500-300x115.jpg\" alt=\"\" width=\"540\" height=\"207\" srcset=\"https:\/\/lausanne.swissgo.org\/wp-content\/uploads\/2018\/09\/Rubrique-Valencienne-1300x500-300x115.jpg 300w, https:\/\/lausanne.swissgo.org\/wp-content\/uploads\/2018\/09\/Rubrique-Valencienne-1300x500-768x295.jpg 768w, https:\/\/lausanne.swissgo.org\/wp-content\/uploads\/2018\/09\/Rubrique-Valencienne-1300x500-1024x394.jpg 1024w, https:\/\/lausanne.swissgo.org\/wp-content\/uploads\/2018\/09\/Rubrique-Valencienne-1300x500-600x231.jpg 600w, https:\/\/lausanne.swissgo.org\/wp-content\/uploads\/2018\/09\/Rubrique-Valencienne-1300x500-500x192.jpg 500w, https:\/\/lausanne.swissgo.org\/wp-content\/uploads\/2018\/09\/Rubrique-Valencienne-1300x500.jpg 1300w\" sizes=\"auto, (max-width: 540px) 85vw, 540px\" \/><\/a><\/p>\n<p>Oyez, oyez, braves gens !!!<\/p>\n<p>Pour c\u00e9l\u00e9brer les 40 ans du club de Go de Lausanne, nous organisons un ap\u00e9ro et un barbecue.<br \/>\nLa c\u00e9l\u00e9bration aura lieu le 23 septembre au terrain de p\u00e9tanque, la Valencienne.<br \/>\nNous avons r\u00e9serv\u00e9 l&rsquo;endroit de 11h \u00e0 17h pour prendre le temps de festoyer en bonne companie.<br \/>\nLe club de Go vous offrira l&rsquo;ap\u00e9ro. Pour le barbecue, vous devez amener ce que vous voulez manger.<\/p>\n<p>http:\/\/www.prelaz-valency.ch\/la-valencienne\/<\/p>\n<p>Afin de nous faciliter la vie, nous vous demandons de vous inscrire dans le doodle ci-dessous.<\/p>\n<p><a href=\"https:\/\/doodle.com\/poll\/zfyemtkzihwii6x6\" target=\"_blank\" rel=\"noopener\">https:\/\/doodle.com\/poll\/zfyemtkzihwii6x6<\/a><\/p>\n<p>Bonne soir\u00e9e,<\/p>\n<p>Le secr\u00e9taire \u00ab\u00a0Valeureux\u00a0\u00bb du club de Lausanne<\/p>\n","protected":false},"excerpt":{"rendered":"<p>Oyez, oyez, braves gens !!! Pour c\u00e9l\u00e9brer les 40 ans du club de Go de Lausanne, nous organisons un ap\u00e9ro et un barbecue. La c\u00e9l\u00e9bration aura lieu le 23 septembre &hellip; <a href=\"https:\/\/lausanne.swissgo.org\/index.php\/2018\/09\/03\/apero-et-barbecue-pour-les-40-ans-du-club\/\" class=\"more-link\">Continuer la lecture<span class=\"screen-reader-text\"> de &laquo;&nbsp;Ap\u00e9ro et barbecue pour les 40 ans du club&nbsp;&raquo;<\/span><\/a><\/p>\n","protected":false},"author":2,"featured_media":0,"comment_status":"open","ping_status":"open","sticky":false,"template":"","format":"standard","meta":{"footnotes":""},"categories":[1],"tags":[],"class_list":["post-343","post","type-post","status-publish","format-standard","hentry","category-non-classe"],"_links":{"self":[{"href":"https:\/\/lausanne.swissgo.org\/index.php\/wp-json\/wp\/v2\/posts\/343","targetHints":{"allow":["GET"]}}],"collection":[{"href":"https:\/\/lausanne.swissgo.org\/index.php\/wp-json\/wp\/v2\/posts"}],"about":[{"href":"https:\/\/lausanne.swissgo.org\/index.php\/wp-json\/wp\/v2\/types\/post"}],"author":[{"embeddable":true,"href":"https:\/\/lausanne.swissgo.org\/index.php\/wp-json\/wp\/v2\/users\/2"}],"replies":[{"embeddable":true,"href":"https:\/\/lausanne.swissgo.org\/index.php\/wp-json\/wp\/v2\/comments?post=343"}],"version-history":[{"count":4,"href":"https:\/\/lausanne.swissgo.org\/index.php\/wp-json\/wp\/v2\/posts\/343\/revisions"}],"predecessor-version":[{"id":348,"href":"https:\/\/lausanne.swissgo.org\/index.php\/wp-json\/wp\/v2\/posts\/343\/revisions\/348"}],"wp:attachment":[{"href":"https:\/\/lausanne.swissgo.org\/index.php\/wp-json\/wp\/v2\/media?parent=343"}],"wp:term":[{"taxonomy":"category","embeddable":true,"href":"https:\/\/lausanne.swissgo.org\/index.php\/wp-json\/wp\/v2\/categories?post=343"},{"taxonomy":"post_tag","embeddable":true,"href":"https:\/\/lausanne.swissgo.org\/index.php\/wp-json\/wp\/v2\/tags?post=343"}],"curies":[{"name":"wp","href":"https:\/\/api.w.org\/{rel}","templated":true}]}}