{"id":327,"date":"2018-06-03T20:57:22","date_gmt":"2018-06-03T19:57:22","guid":{"rendered":"http:\/\/lausanne.swissgo.org\/?p=327"},"modified":"2018-06-03T20:57:22","modified_gmt":"2018-06-03T19:57:22","slug":"assemblee-generale-de-la-federation-suisse","status":"publish","type":"post","link":"https:\/\/lausanne.swissgo.org\/index.php\/2018\/06\/03\/assemblee-generale-de-la-federation-suisse\/","title":{"rendered":"Assembl\u00e9e G\u00e9n\u00e9rale de la F\u00e9d\u00e9ration Suisse"},"content":{"rendered":"<p>Bonjour,<\/p>\n<p>Voil\u00e0 le r\u00e9sum\u00e9 de ce qui a \u00e9t\u00e9 discut\u00e9 lors de l&rsquo;assembl\u00e9e du 02 juin 2018.<\/p>\n<ul>\n<li>Gestion de la F\u00e9d\u00e9ration<\/li>\n<li>Suivi des projets<\/li>\n<li>Enseignement du Go en Suisse<\/li>\n<li>F\u00e9d\u00e9ration europ\u00e9enne de Go<\/li>\n<li>Questions et annonces libres<\/li>\n<\/ul>\n<hr \/>\n<h3>Gestion de la F\u00e9d\u00e9ration<\/h3>\n<h4>Pr\u00e9c\u00e9dente AG<\/h4>\n<p>Le compte rendu de la derni\u00e8re assembl\u00e9e g\u00e9n\u00e9rale a \u00e9t\u00e9 approuve \u00e0 l&rsquo;unanimit\u00e9.<\/p>\n<h4>Les Comptes<\/h4>\n<p>Je ne vais pas donner les chiffres exacts mais les pourcentages.<br \/>\nLes cotisations des membres ont \u00e9t\u00e9 utilis\u00e9s \u00e0 100%. Le club de Lausanne correspond \u00e0 1\/3 des cotisations.<\/p>\n<p>Les d\u00e9penses avec des pourcentages arrondis :<\/p>\n<ul>\n<li>La sponsorisation des tournois: 30%<\/li>\n<li>Les ateliers et les petits projets: 30%<\/li>\n<li>La repr\u00e9sentation de la Suisse \u00e0 l&rsquo;internationale: 20%<\/li>\n<li>La gestion du ranking par l&rsquo;EGF et l&rsquo;IGF: 15%<\/li>\n<li>Management (Compte bancaire, Website&#8230;): 5%<\/li>\n<\/ul>\n<p>Les comptes ont \u00e9t\u00e9 approuv\u00e9s \u00e0 l&rsquo;unanimit\u00e9.<\/p>\n<h4>Election du nouveau comit\u00e9<\/h4>\n<ul>\n<li>Flavien Aubelle (pr\u00e9sident)<\/li>\n<li>F\u00e9licien Mazille (vice-pr\u00e9sident)<\/li>\n<li>Lorenz Trippel (Secr\u00e9taire \/ Tr\u00e9sorier)<\/li>\n<li>Morrison Roberto (Responsable pour Swiss Olympique)<\/li>\n<li>In-Seong Hwang (Professeur officiel)<\/li>\n<li>Li Yue (Professeur officiel)<\/li>\n<\/ul>\n<p>Le comit\u00e9 a \u00e9t\u00e9 \u00e9lu \u00e0 l&rsquo;unanimit\u00e9.<\/p>\n<h4>Le prochain championnat Suisse<\/h4>\n<p>La ville de Gen\u00e8ve a accept\u00e9 de produire le prochain championnat Suisse.<\/p>\n<hr \/>\n<h3>Suivi des projets<\/h3>\n<h4>Tournoi &lsquo;Go european Team Championship&rsquo;<\/h4>\n<p>Tous les ans, la Suisse participe \u00e0 ce tournoi online avec une \u00e9quipe fait des meilleurs joueurs Suisse.<br \/>\nLe tournoi est divis\u00e9 en 4 ligues de 10 \u00e9quipes. Cette ann\u00e9e, la Suisse est 5 de la ligue B. (<a href=\"http:\/\/pandanet-igs.com\/communities\/euroteamchamps\">http:\/\/pandanet-igs.com\/communities\/euroteamchamps<\/a>)<br \/>\nLe capitaine de l&rsquo;\u00e9quipe, Sylvain Praz, souhaite se mettre en retrait et il sera remplac\u00e9 par Flavien Aubelle.<br \/>\nIn-Seong a annonc\u00e9 qu&rsquo;il souhaitait coacher les joueurs de l&rsquo;\u00e9quipe \u00e0 travers des r\u00e9unions et des revues de parties.<\/p>\n<p>Il y a eu \u00e9galement un \u00e9v\u00e9nement inhabituel, un joueur italien est soup\u00e7onn\u00e9 de triche.<br \/>\nLes programmes informatique ont fait beaucoup de progr\u00e8s. Il aurait utilis\u00e9 celui qui s&rsquo;appelle &lsquo;Leela&rsquo;.<br \/>\nJ&rsquo;essaierais de vous faire un article sur ce programme.<\/p>\n<h4>Swiss Olympic<\/h4>\n<p>Actuellement, le jeu de Go n&rsquo;est pas reconnu comme sport en Suisse contrairement aux \u00e9checs.<br \/>\nCette reconnaissance pourrait nous apporter des subventions.\u00a0Roberto Morrison fait actuellement ces d\u00e9marches.<br \/>\nIl n&rsquo;a pas eu le temps d&rsquo;avancer ce projet pour des raisons personnelles. Il a annonc\u00e9 qui n&rsquo;en n&rsquo;aura pas non plus cette ann\u00e9e.<br \/>\nVotre serviteur s&rsquo;est donc engager \u00e0 lui donner un coup de main.<\/p>\n<h4>Danube Go network<\/h4>\n<p>C&rsquo;est un projet en gestation auquel la Suisse participe.<br \/>\nIl s&rsquo;agit de demander des fonds \u00e0 l&rsquo;Union europ\u00e9enne pour faire des \u00e9changes avec les jeunes de chaque pays participants autour du jeu de Go.<br \/>\nLa notion de jeunes est assez large: jusqu&rsquo;\u00e0 30 ans. La d\u00e9cision est attendue cet \u00e9t\u00e9.<\/p>\n<h4>Ligue Suisse<\/h4>\n<p>Un joueur de Gen\u00e8ve (Zayd Ouzerara) est en train d&rsquo;organiser un ligue Suisse online dans le m\u00eame format que l&rsquo;\u00e9cole de In-Seong (sous forme de ligues).<br \/>\nPlus de d\u00e9tails devraient arriver bient\u00f4t.<\/p>\n<hr \/>\n<h3>Enseignement du Go en Suisse<\/h3>\n<p>In-Seong Hwang reste le principal enseignant apr\u00e8s une absence pour des raisons personnels. Il souhaitait \u00e9claircir ces devoirs en tant qu&rsquo;enseignant:<br \/>\nIl s&rsquo;occupe gratuitement du championnat Suisse (sauf les frais) et il coache l&rsquo;\u00e9quipe Suisse.<\/p>\n<p>Enseignant officiel \u00e9tant un statut non r\u00e9mun\u00e9r\u00e9,\u00a0plusieurs enseignants peuvent \u00eatre ajout\u00e9s \u00e0 la liste.<br \/>\nAinsi Li Yue sera aussi une enseignante de Go officiel en Suisse.<\/p>\n<p>Une page web sera rajout\u00e9e sur le site de la f\u00e9d\u00e9ration pour que cette liste soient connue.<\/p>\n<hr \/>\n<h3>F\u00e9d\u00e9ration europ\u00e9enne de Go<\/h3>\n<p>Cette ann\u00e9e, le comit\u00e9 sera renouvel\u00e9. Le comit\u00e9 actuel devrait se maintenir. Catalin Tanaru devrait rejoindre le comit\u00e9.<br \/>\nCertains professionels europ\u00e9ens ont annonc\u00e9s qu&rsquo;ils arrivaient \u00e0 vivre du jeu de Go.<br \/>\nCette heureuse nouvelle semble motiver nos jeunes talents \u00e0 devenir professionnel car la reconnaissance de cette profession grandit.<\/p>\n<hr \/>\n<h3>Questions et annonces libres<\/h3>\n<p>Le club de Lausanne avait des questions sur le r\u00f4le de la F\u00e9d\u00e9ration et a demand\u00e9 les statuts de celle-ci.<\/p>\n<p>La proposition de Haruna Okano pour d\u00e9signer les repr\u00e9sentants Suisse de pair Go par un tournoi est accept\u00e9 sur le principe.<br \/>\nLe syst\u00e8me de points et les r\u00e8gles sont \u00e0 d\u00e9finir et \u00e0 pr\u00e9senter lors de la prochaine assembl\u00e9e.<\/p>\n","protected":false},"excerpt":{"rendered":"<p>Bonjour, Voil\u00e0 le r\u00e9sum\u00e9 de ce qui a \u00e9t\u00e9 discut\u00e9 lors de l&rsquo;assembl\u00e9e du 02 juin 2018. Gestion de la F\u00e9d\u00e9ration Suivi des projets Enseignement du Go en Suisse F\u00e9d\u00e9ration &hellip; <a href=\"https:\/\/lausanne.swissgo.org\/index.php\/2018\/06\/03\/assemblee-generale-de-la-federation-suisse\/\" class=\"more-link\">Continuer la lecture<span class=\"screen-reader-text\"> de &laquo;&nbsp;Assembl\u00e9e G\u00e9n\u00e9rale de la F\u00e9d\u00e9ration Suisse&nbsp;&raquo;<\/span><\/a><\/p>\n","protected":false},"author":2,"featured_media":0,"comment_status":"open","ping_status":"open","sticky":false,"template":"","format":"standard","meta":{"footnotes":""},"categories":[1],"tags":[],"class_list":["post-327","post","type-post","status-publish","format-standard","hentry","category-non-classe"],"_links":{"self":[{"href":"https:\/\/lausanne.swissgo.org\/index.php\/wp-json\/wp\/v2\/posts\/327","targetHints":{"allow":["GET"]}}],"collection":[{"href":"https:\/\/lausanne.swissgo.org\/index.php\/wp-json\/wp\/v2\/posts"}],"about":[{"href":"https:\/\/lausanne.swissgo.org\/index.php\/wp-json\/wp\/v2\/types\/post"}],"author":[{"embeddable":true,"href":"https:\/\/lausanne.swissgo.org\/index.php\/wp-json\/wp\/v2\/users\/2"}],"replies":[{"embeddable":true,"href":"https:\/\/lausanne.swissgo.org\/index.php\/wp-json\/wp\/v2\/comments?post=327"}],"version-history":[{"count":2,"href":"https:\/\/lausanne.swissgo.org\/index.php\/wp-json\/wp\/v2\/posts\/327\/revisions"}],"predecessor-version":[{"id":329,"href":"https:\/\/lausanne.swissgo.org\/index.php\/wp-json\/wp\/v2\/posts\/327\/revisions\/329"}],"wp:attachment":[{"href":"https:\/\/lausanne.swissgo.org\/index.php\/wp-json\/wp\/v2\/media?parent=327"}],"wp:term":[{"taxonomy":"category","embeddable":true,"href":"https:\/\/lausanne.swissgo.org\/index.php\/wp-json\/wp\/v2\/categories?post=327"},{"taxonomy":"post_tag","embeddable":true,"href":"https:\/\/lausanne.swissgo.org\/index.php\/wp-json\/wp\/v2\/tags?post=327"}],"curies":[{"name":"wp","href":"https:\/\/api.w.org\/{rel}","templated":true}]}}