{"id":1084,"date":"2026-07-21T19:48:33","date_gmt":"2026-07-21T18:48:33","guid":{"rendered":"https:\/\/lausanne.swissgo.org\/?p=1084"},"modified":"2026-07-21T19:48:33","modified_gmt":"2026-07-21T18:48:33","slug":"fermeture-ete-21-juillet-au-3-aout","status":"publish","type":"post","link":"https:\/\/lausanne.swissgo.org\/index.php\/2026\/07\/21\/fermeture-ete-21-juillet-au-3-aout\/","title":{"rendered":"Fermeture \u00e9t\u00e9 (21 juillet au 3 ao\u00fbt)"},"content":{"rendered":"\n<figure class=\"wp-block-image size-full\"><a href=\"https:\/\/lausanne.swissgo.org\/wp-content\/uploads\/2023\/04\/mgwcqyBkkThWIPH-800x450-noPad.jpg\"><img loading=\"lazy\" decoding=\"async\" width=\"640\" height=\"360\" src=\"https:\/\/lausanne.swissgo.org\/wp-content\/uploads\/2023\/04\/mgwcqyBkkThWIPH-800x450-noPad.jpg\" alt=\"\" class=\"wp-image-593\" srcset=\"https:\/\/lausanne.swissgo.org\/wp-content\/uploads\/2023\/04\/mgwcqyBkkThWIPH-800x450-noPad.jpg 640w, https:\/\/lausanne.swissgo.org\/wp-content\/uploads\/2023\/04\/mgwcqyBkkThWIPH-800x450-noPad-300x169.jpg 300w, https:\/\/lausanne.swissgo.org\/wp-content\/uploads\/2023\/04\/mgwcqyBkkThWIPH-800x450-noPad-600x338.jpg 600w, https:\/\/lausanne.swissgo.org\/wp-content\/uploads\/2023\/04\/mgwcqyBkkThWIPH-800x450-noPad-500x281.jpg 500w\" sizes=\"auto, (max-width: 709px) 85vw, (max-width: 909px) 67vw, (max-width: 984px) 61vw, (max-width: 1362px) 45vw, 600px\" \/><\/a><\/figure>\n\n\n\n<p class=\"wp-block-paragraph\">Le restaurant le Milan est ferm\u00e9 pour des vacances d&rsquo;\u00e9t\u00e9 du 21 juillet au 3 ao\u00fbt.<\/p>\n","protected":false},"excerpt":{"rendered":"<p>Le restaurant le Milan est ferm\u00e9 pour des vacances d&rsquo;\u00e9t\u00e9 du 21 juillet au 3 ao\u00fbt.<\/p>\n","protected":false},"author":2,"featured_media":0,"comment_status":"open","ping_status":"open","sticky":false,"template":"","format":"standard","meta":{"footnotes":""},"categories":[1],"tags":[],"class_list":["post-1084","post","type-post","status-publish","format-standard","hentry","category-non-classe"],"_links":{"self":[{"href":"https:\/\/lausanne.swissgo.org\/index.php\/wp-json\/wp\/v2\/posts\/1084","targetHints":{"allow":["GET"]}}],"collection":[{"href":"https:\/\/lausanne.swissgo.org\/index.php\/wp-json\/wp\/v2\/posts"}],"about":[{"href":"https:\/\/lausanne.swissgo.org\/index.php\/wp-json\/wp\/v2\/types\/post"}],"author":[{"embeddable":true,"href":"https:\/\/lausanne.swissgo.org\/index.php\/wp-json\/wp\/v2\/users\/2"}],"replies":[{"embeddable":true,"href":"https:\/\/lausanne.swissgo.org\/index.php\/wp-json\/wp\/v2\/comments?post=1084"}],"version-history":[{"count":1,"href":"https:\/\/lausanne.swissgo.org\/index.php\/wp-json\/wp\/v2\/posts\/1084\/revisions"}],"predecessor-version":[{"id":1086,"href":"https:\/\/lausanne.swissgo.org\/index.php\/wp-json\/wp\/v2\/posts\/1084\/revisions\/1086"}],"wp:attachment":[{"href":"https:\/\/lausanne.swissgo.org\/index.php\/wp-json\/wp\/v2\/media?parent=1084"}],"wp:term":[{"taxonomy":"category","embeddable":true,"href":"https:\/\/lausanne.swissgo.org\/index.php\/wp-json\/wp\/v2\/categories?post=1084"},{"taxonomy":"post_tag","embeddable":true,"href":"https:\/\/lausanne.swissgo.org\/index.php\/wp-json\/wp\/v2\/tags?post=1084"}],"curies":[{"name":"wp","href":"https:\/\/api.w.org\/{rel}","templated":true}]}}