{"id":1002,"date":"2026-03-08T16:06:47","date_gmt":"2026-03-08T15:06:47","guid":{"rendered":"https:\/\/lausanne.swissgo.org\/?p=1002"},"modified":"2026-03-08T16:06:47","modified_gmt":"2026-03-08T15:06:47","slug":"assemblee-2026","status":"publish","type":"post","link":"https:\/\/lausanne.swissgo.org\/index.php\/2026\/03\/08\/assemblee-2026\/","title":{"rendered":"Assembl\u00e9e 2026"},"content":{"rendered":"\n<p class=\"wp-block-paragraph\">L\u2019assembl\u00e9e g\u00e9n\u00e9rale a eu lieu le 04.03.2025 au Milan de 20h30 \u00e0 21h30.<\/p>\n\n\n\n<p class=\"wp-block-paragraph\"><strong>Participants:<\/strong><\/p>\n\n\n\n<ul class=\"wp-block-list\">\n<li>Laurent Ducotterd, Pr\u00e9sident<\/li>\n\n\n\n<li>Blaise Gaillard, Tr\u00e9sorier<\/li>\n\n\n\n<li>J\u00e9r\u00e9my Toutain, Secr\u00e9taire<\/li>\n\n\n\n<li>Rick Wertenbroek<\/li>\n\n\n\n<li>Robert Meyer<\/li>\n\n\n\n<li>Pierre Boizot<\/li>\n\n\n\n<li>Thomas Pourcelot<\/li>\n<\/ul>\n\n\n\n<p class=\"wp-block-paragraph\"><strong>Tr\u00e9sorerie<\/strong><br>R\u00e9sum\u00e9 des d\u00e9penses 2025:<\/p>\n\n\n\n<ul class=\"wp-block-list\">\n<li>Achats de gobans 9\u00d79 \u00e0 donner (mat\u00e9riel promotionnel)<\/li>\n\n\n\n<li>Achats de nouveaux flyers<\/li>\n\n\n\n<li>Achats du roll up de la tour-de-Peilz<br>Il y a eu 17 cotisations.<br>Le r\u00e9sultat est de -200 CHF ce qui est peu par rapport aux d\u00e9penses pr\u00e9vues (les ventes de gobans ont compens\u00e9).<br>Les comptes 2025 ont \u00e9t\u00e9 approuv\u00e9s par l&rsquo;assembl\u00e9e.<\/li>\n<\/ul>\n\n\n\n<p class=\"wp-block-paragraph\">Pour les achats 2026, le club pour enfants de la Tour-de-Peilz prendra toute notre attention.<\/p>\n\n\n\n<p class=\"wp-block-paragraph\"><strong>Les \u00e9v\u00e9nements 2025<\/strong><\/p>\n\n\n\n<ul class=\"wp-block-list\">\n<li>Festival de St Georges<\/li>\n\n\n\n<li>Passeport vacances: juillet, ao\u00fbt et octobre (organis\u00e9 par Thomas)<\/li>\n\n\n\n<li>Japan Impact<\/li>\n\n\n\n<li>Tournoi GOATS 2026 (aide mat\u00e9rielle)<\/li>\n\n\n\n<li>Le repas de club (organis\u00e9 par Blaise)<\/li>\n\n\n\n<li>Journ\u00e9e seniors de Lausanne (20 avril 2025)<\/li>\n<\/ul>\n\n\n\n<p class=\"wp-block-paragraph\">Il y a un petit kouac pour le festival de la Tour-de-Peilz, nous allons rediscuter avec le mus\u00e9e Suisse du jeu.<\/p>\n\n\n\n<p class=\"wp-block-paragraph\"><strong>Les \u00e9v\u00e9nements 2026<\/strong><\/p>\n\n\n\n<ul class=\"wp-block-list\">\n<li>Le tournoi 2026 aura lieu avec le 2\/3 mai avec les r\u00e8gles et les horaires de 2024<\/li>\n\n\n\n<li>Le repas du club aura lieu le 22 ao\u00fbt 2026<\/li>\n\n\n\n<li>La f\u00eate du jeu de St Georges aura lieu le 26 septembre 2026<\/li>\n<\/ul>\n\n\n\n<p class=\"wp-block-paragraph\"><strong>Le club pour enfants de la Tour-de-Peilz<\/strong><\/p>\n\n\n\n<p class=\"wp-block-paragraph\">Nous avons le plaisir de vous annoncer qu&rsquo;un club pour enfants ouvrira cet automne.<br>Il sera accueilli par le mus\u00e9e Suisse du jeu, le samedi matin.<br>Thomas est l&rsquo;organisateur de ce projet.<br>Il a \u00e9t\u00e9 d\u00e9cid\u00e9 de lui donner les moyens de prendre un bon d\u00e9part:<\/p>\n\n\n\n<ul class=\"wp-block-list\">\n<li>des flyers pour la promotion<\/li>\n\n\n\n<li>du beau mat\u00e9riel pour le jeu<\/li>\n\n\n\n<li>du mat\u00e9riel p\u00e9dagogique (livres, petites r\u00e9compenses)<\/li>\n<\/ul>\n\n\n\n<p class=\"wp-block-paragraph\">Le montant de ce soutien n&rsquo;a pas \u00e9t\u00e9 fix\u00e9, mais la mission du club est de promouvoir le jeu de Go.<br>Avoir des jeunes est important pour le jeu de go, c&rsquo;est un enjeu dont nous sommes conscients.<\/p>\n\n\n\n<p class=\"wp-block-paragraph\"><strong>Association Lausannoise pour les sports de l&rsquo;esprits<\/strong><\/p>\n\n\n\n<p class=\"wp-block-paragraph\">Les clubs de Bridge, d&rsquo;\u00e9checs et de scrabble ont trouv\u00e9s un local \u00e0 l&rsquo;avenue de Grey 1.<\/p>\n\n\n\n<p class=\"wp-block-paragraph\"><strong>Election du comit\u00e9<\/strong><\/p>\n\n\n\n<p class=\"wp-block-paragraph\">Le comit\u00e9 actuel a \u00e9t\u00e9 reconduit pour les 2 prochaines ann\u00e9es.<\/p>\n\n\n\n<p class=\"wp-block-paragraph\"><strong>Discussion libre<\/strong><\/p>\n\n\n\n<p class=\"wp-block-paragraph\">Le nouveau club de Nyon qui apr\u00e8s deux ans d&rsquo;existence, a r\u00e9ussi \u00e0 organiser un tournoi d\u00e9butants avec succ\u00e8s (110 participants, 5 tournois).<br>C&rsquo;\u00e9tait tr\u00e8s diff\u00e9rent de nos habitudes, mais tr\u00e8s raffraichissant.<br>Il a \u00e9t\u00e9 propos\u00e9 par un membre de soutenir le club de Nyon.<br>Nous ne pouvons pas soutenir annuellement le club de Nyon, mais il a \u00e9t\u00e9 tranch\u00e9 que nous ferions un effort cette ann\u00e9e.<br>Nous allons donc envoyer une lettre de remerciement au club de Nyon et leur demander quel serait leur besoin actuel.<\/p>\n\n\n\n<p class=\"wp-block-paragraph\"><\/p>\n","protected":false},"excerpt":{"rendered":"<p>L\u2019assembl\u00e9e g\u00e9n\u00e9rale a eu lieu le 04.03.2025 au Milan de 20h30 \u00e0 21h30. Participants: Tr\u00e9sorerieR\u00e9sum\u00e9 des d\u00e9penses 2025: Pour les achats 2026, le club pour enfants de la Tour-de-Peilz prendra &hellip; <a href=\"https:\/\/lausanne.swissgo.org\/index.php\/2026\/03\/08\/assemblee-2026\/\" class=\"more-link\">Continuer la lecture<span class=\"screen-reader-text\"> de &laquo;&nbsp;Assembl\u00e9e 2026&nbsp;&raquo;<\/span><\/a><\/p>\n","protected":false},"author":2,"featured_media":0,"comment_status":"open","ping_status":"open","sticky":false,"template":"","format":"standard","meta":{"footnotes":""},"categories":[1],"tags":[],"class_list":["post-1002","post","type-post","status-publish","format-standard","hentry","category-non-classe"],"_links":{"self":[{"href":"https:\/\/lausanne.swissgo.org\/index.php\/wp-json\/wp\/v2\/posts\/1002","targetHints":{"allow":["GET"]}}],"collection":[{"href":"https:\/\/lausanne.swissgo.org\/index.php\/wp-json\/wp\/v2\/posts"}],"about":[{"href":"https:\/\/lausanne.swissgo.org\/index.php\/wp-json\/wp\/v2\/types\/post"}],"author":[{"embeddable":true,"href":"https:\/\/lausanne.swissgo.org\/index.php\/wp-json\/wp\/v2\/users\/2"}],"replies":[{"embeddable":true,"href":"https:\/\/lausanne.swissgo.org\/index.php\/wp-json\/wp\/v2\/comments?post=1002"}],"version-history":[{"count":1,"href":"https:\/\/lausanne.swissgo.org\/index.php\/wp-json\/wp\/v2\/posts\/1002\/revisions"}],"predecessor-version":[{"id":1003,"href":"https:\/\/lausanne.swissgo.org\/index.php\/wp-json\/wp\/v2\/posts\/1002\/revisions\/1003"}],"wp:attachment":[{"href":"https:\/\/lausanne.swissgo.org\/index.php\/wp-json\/wp\/v2\/media?parent=1002"}],"wp:term":[{"taxonomy":"category","embeddable":true,"href":"https:\/\/lausanne.swissgo.org\/index.php\/wp-json\/wp\/v2\/categories?post=1002"},{"taxonomy":"post_tag","embeddable":true,"href":"https:\/\/lausanne.swissgo.org\/index.php\/wp-json\/wp\/v2\/tags?post=1002"}],"curies":[{"name":"wp","href":"https:\/\/api.w.org\/{rel}","templated":true}]}}